{"id":3718,"date":"2023-07-19T19:13:36","date_gmt":"2023-07-19T17:13:36","guid":{"rendered":"https:\/\/bobolagorlice.pl\/?p=3718"},"modified":"2024-06-23T15:25:58","modified_gmt":"2024-06-23T13:25:58","slug":"stanislaw-koziol","status":"publish","type":"post","link":"https:\/\/bobolagorlice.pl\/index.php\/2023\/07\/19\/stanislaw-koziol\/","title":{"rendered":"\u2020Stanis\u0142aw KOZIO\u0141"},"content":{"rendered":"\n<p><strong>2023\/25 <\/strong>pogrzeb: 18.07.2023<\/p>\n\n\n\n<figure class=\"wp-block-table\"><table><tbody><tr><td class=\"has-text-align-center\" data-align=\"center\"><strong><em>data<\/em><\/strong><\/td><td class=\"has-text-align-center\" data-align=\"center\"><strong><em>godz.<\/em><\/strong><\/td><td><strong><em>ofiarodawcy\/intencja<\/em><\/strong><\/td><\/tr><tr><td class=\"has-text-align-center\" data-align=\"center\"><strong>21.07.2023<\/strong><\/td><td class=\"has-text-align-center\" data-align=\"center\"><strong>6.30<\/strong><\/td><td>w <strong>7 <\/strong>dzie\u0144 po \u015bmierci [<em>od \u017cony<\/em>]<\/td><\/tr><tr><td class=\"has-text-align-center\" data-align=\"center\"><strong>12.08.2023<\/strong><\/td><td class=\"has-text-align-center\" data-align=\"center\"><strong>6.30<\/strong><\/td><td>w <strong>30 <\/strong>dzie\u0144 po \u015bmierci [<em>od c\u00f3rki Doroty z rodzin\u0105<\/em>]<\/td><\/tr><tr><td class=\"has-text-align-center\" data-align=\"center\">01.04.2024<\/td><td class=\"has-text-align-center\" data-align=\"center\">6.30<\/td><td>od syna z rodzin\u0105<\/td><\/tr><tr><td class=\"has-text-align-center\" data-align=\"center\">02.04.2024<\/td><td class=\"has-text-align-center\" data-align=\"center\">6.30<\/td><td>od c\u00f3rki Marty z rodzin\u0105&nbsp;<\/td><\/tr><tr><td class=\"has-text-align-center\" data-align=\"center\">03.04.2024<\/td><td class=\"has-text-align-center\" data-align=\"center\">6.30<\/td><td>&nbsp;od Dzia\u0142kowicz\u00f3w z ul. S\u0142onecznej<\/td><\/tr><tr><td class=\"has-text-align-center\" data-align=\"center\">04.04.2024<\/td><td class=\"has-text-align-center\" data-align=\"center\">6.30<\/td><td>od Heleny i Tadeusza<\/td><\/tr><tr><td class=\"has-text-align-center\" data-align=\"center\">05.04.2024<\/td><td class=\"has-text-align-center\" data-align=\"center\">6.30<\/td><td>od s\u0105siad\u00f3w z klatki<\/td><\/tr><tr><td class=\"has-text-align-center\" data-align=\"center\">06.04.2024<\/td><td class=\"has-text-align-center\" data-align=\"center\">6.30<\/td><td>od s\u0105siad\u00f3w z klatki<\/td><\/tr><tr><td class=\"has-text-align-center\" data-align=\"center\">07.04.2024<\/td><td class=\"has-text-align-center\" data-align=\"center\">6.30<\/td><td>od brata Stanis\u0142awa z rodzin\u0105<\/td><\/tr><tr><td class=\"has-text-align-center\" data-align=\"center\">08.04.2024<\/td><td class=\"has-text-align-center\" data-align=\"center\">6.30<\/td><td>od Marka i Bogus\u0142awy R\u0104CZKA z rodzin\u0105&nbsp;<\/td><\/tr><tr><td class=\"has-text-align-center\" data-align=\"center\">13.04.2024<\/td><td class=\"has-text-align-center\" data-align=\"center\"><strong>&nbsp;<\/strong>6.30<\/td><td>od si\u00f3str El\u017cbiety i Heleny z rodzinami<\/td><\/tr><tr><td class=\"has-text-align-center\" data-align=\"center\">09.04.2024<\/td><td class=\"has-text-align-center\" data-align=\"center\">6.30<strong>&nbsp;<\/strong><\/td><td>od Pracownik\u00f3w Zespo\u0142u Szkolno Przedszkolnego w Libuszy<\/td><\/tr><tr><td class=\"has-text-align-center\" data-align=\"center\"><strong>poza<\/strong> <strong>parafi\u0105<\/strong><\/td><td class=\"has-text-align-center\" data-align=\"center\">ks. Andrzej (Rzesz\u00f3w)<strong>&nbsp;<\/strong><\/td><td>od Pracownik\u00f3w Zespo\u0142u Szkolno Przedszkolnego w Libuszy<\/td><\/tr><tr><td class=\"has-text-align-center\" data-align=\"center\"><strong>poza<\/strong> <strong>parafi\u0105<\/strong><\/td><td class=\"has-text-align-center\" data-align=\"center\"><strong>&nbsp;<\/strong>ks. Andrzej (Rzesz\u00f3w)<strong>&nbsp;<\/strong><\/td><td>od swat\u00f3w Kazimierza i Krystyny PRZYBY\u0141OWICZ<\/td><\/tr><tr><td class=\"has-text-align-center\" data-align=\"center\"><strong>poza<\/strong> <strong>parafi\u0105<\/strong><\/td><td class=\"has-text-align-center\" data-align=\"center\"><strong>&nbsp;<\/strong>ks. Andrzej (Rzesz\u00f3w)<strong>&nbsp;<\/strong><\/td><td>od kole\u017canek z pracy synowej Patrycji<\/td><\/tr><tr><td class=\"has-text-align-center\" data-align=\"center\"><strong>poza<\/strong> <strong>parafi\u0105<\/strong><\/td><td class=\"has-text-align-center\" data-align=\"center\">ks. Andrzej (Rzesz\u00f3w)<strong>&nbsp;&nbsp;<\/strong><\/td><td>od Dawida z rodzin\u0105<\/td><\/tr><tr><td class=\"has-text-align-center\" data-align=\"center\"><strong>poza<\/strong> <strong>parafi\u0105<\/strong><\/td><td class=\"has-text-align-center\" data-align=\"center\">ks. Andrzej (Rzesz\u00f3w)<strong>&nbsp;&nbsp;<\/strong><\/td><td>od s\u0105siad\u00f3w z klatki<\/td><\/tr><tr><td class=\"has-text-align-center\" data-align=\"center\"><strong>poza<\/strong> <strong>parafi\u0105<\/strong><\/td><td class=\"has-text-align-center\" data-align=\"center\">ks. Andrzej (Rzesz\u00f3w)<strong>&nbsp;&nbsp;<\/strong><\/td><td>od s\u0105siad\u00f3w z klatki<\/td><\/tr><tr><td class=\"has-text-align-center\" data-align=\"center\">10.04.2024<\/td><td class=\"has-text-align-center\" data-align=\"center\"><strong>&nbsp;<\/strong>6.30<\/td><td>od Leokadii i Edwarda MI\u015aKOWIEC z rodzin\u0105<\/td><\/tr><tr><td class=\"has-text-align-center\" data-align=\"center\"><strong>poza<\/strong> <strong>parafi\u0105<\/strong><\/td><td class=\"has-text-align-center\" data-align=\"center\"><strong>&nbsp;<\/strong>ks. Andrzej (Rzesz\u00f3w)<strong>&nbsp;<\/strong><\/td><td>od Janiny i Tadeusza BUDZIAK z Lipinek<\/td><\/tr><tr><td class=\"has-text-align-center\" data-align=\"center\">15.04.2024<\/td><td class=\"has-text-align-center\" data-align=\"center\"><strong>&nbsp;<\/strong>6.30<\/td><td>od Marii i Marka LIANA<\/td><\/tr><tr><td class=\"has-text-align-center\" data-align=\"center\">11.04.2024<\/td><td class=\"has-text-align-center\" data-align=\"center\"><strong>&nbsp;<\/strong>6.30<\/td><td>od GALANTOWEJ z mam\u0105 i c\u00f3rk\u0105<\/td><\/tr><tr><td class=\"has-text-align-center\" data-align=\"center\">16.04.2024<\/td><td class=\"has-text-align-center\" data-align=\"center\">6.30<strong>&nbsp;<\/strong><\/td><td>od Jaros\u0142awa<\/td><\/tr><tr><td class=\"has-text-align-center\" data-align=\"center\"><strong>poza<\/strong> <strong>parafi\u0105<\/strong><\/td><td class=\"has-text-align-center\" data-align=\"center\"><strong>&nbsp;<\/strong>ks. Andrzej (Rzesz\u00f3w)<strong>&nbsp;<\/strong><\/td><td>od Przyjaci\u00f3\u0142 wnuczki Sandry<\/td><\/tr><tr><td class=\"has-text-align-center\" data-align=\"center\"><strong>poza<\/strong> <strong>parafi\u0105<\/strong><\/td><td class=\"has-text-align-center\" data-align=\"center\"><strong>&nbsp;<\/strong>ks. Andrzej (Rzesz\u00f3w)<strong>&nbsp;<\/strong><\/td><td>od rodziny R\u0104CZK\u00d3W z Ko\u0142aczyc<\/td><\/tr><tr><td class=\"has-text-align-center\" data-align=\"center\"><strong>poza<\/strong> <strong>parafi\u0105<\/strong><\/td><td class=\"has-text-align-center\" data-align=\"center\"><strong>&nbsp;<\/strong>ks. Andrzej (Rzesz\u00f3w)<strong>&nbsp;<\/strong><\/td><td>od rodziny WERON\u00d3W<\/td><\/tr><tr><td class=\"has-text-align-center\" data-align=\"center\">14.04.2024<\/td><td class=\"has-text-align-center\" data-align=\"center\">8.00<strong>&nbsp;<\/strong><\/td><td>od siostry Marii<\/td><\/tr><tr><td class=\"has-text-align-center\" data-align=\"center\"><strong>poza<\/strong> <strong>parafi\u0105<\/strong><\/td><td class=\"has-text-align-center\" data-align=\"center\"><strong>&nbsp;<\/strong>ks. Stanis\u0142aw (Tarn\u00f3w)<\/td><td>od brata W\u0142adys\u0142awa z rodzin\u0105<\/td><\/tr><tr><td class=\"has-text-align-center\" data-align=\"center\"><strong>poza<\/strong> <strong>parafi\u0105<\/strong><\/td><td class=\"has-text-align-center\" data-align=\"center\"><strong>&nbsp;<\/strong>ks. Stanis\u0142aw (Tarn\u00f3w)<\/td><td>od Stanis\u0142awy i Eugeniusza KIE\u0141BASA<\/td><\/tr><tr><td class=\"has-text-align-center\" data-align=\"center\"><strong>poza<\/strong> <strong>parafi\u0105<\/strong><\/td><td class=\"has-text-align-center\" data-align=\"center\"><strong>&nbsp;<\/strong>ks. Stanis\u0142aw (Tarn\u00f3w)<\/td><td>od Lucyny i Marcina KIE\u0141BASA<\/td><\/tr><tr><td class=\"has-text-align-center\" data-align=\"center\"><strong>poza<\/strong> <strong>parafi\u0105<\/strong><\/td><td class=\"has-text-align-center\" data-align=\"center\"><strong>&nbsp;<\/strong>ks. Stanis\u0142aw (Tarn\u00f3w)<\/td><td>od chrze\u015bnicy Justyny z rodzin\u0105<\/td><\/tr><tr><td class=\"has-text-align-center\" data-align=\"center\"><strong>poza<\/strong> <strong>parafi\u0105<\/strong><\/td><td class=\"has-text-align-center\" data-align=\"center\"><strong>&nbsp;<\/strong>ks. Stanis\u0142aw (Tarn\u00f3w)<\/td><td>od Jana i Melani W\u0104SOWICZ z rodzin\u0105<\/td><\/tr><tr><td class=\"has-text-align-center\" data-align=\"center\">17.04.2024<\/td><td class=\"has-text-align-center\" data-align=\"center\">6.30<strong>&nbsp;<\/strong><\/td><td>od Marii i Jerzego \u017bUROWSKICH z Trzcinicy<\/td><\/tr><tr><td class=\"has-text-align-center\" data-align=\"center\"><strong>poza<\/strong> <strong>parafi\u0105<\/strong><\/td><td class=\"has-text-align-center\" data-align=\"center\"><strong>&nbsp;<\/strong>ks. Stanis\u0142aw (Tarn\u00f3w)<\/td><td>od Jacka i Beaty HALUCH z rodzin\u0105<\/td><\/tr><tr><td class=\"has-text-align-center\" data-align=\"center\">18.04.2024<\/td><td class=\"has-text-align-center\" data-align=\"center\">6.30<strong>&nbsp;<\/strong><\/td><td>od Marii i Heleny OSADNIK<\/td><\/tr><tr><td class=\"has-text-align-center\" data-align=\"center\">19.04.2024<\/td><td class=\"has-text-align-center\" data-align=\"center\">6.30<strong>&nbsp;<\/strong><\/td><td>od cioci W\u0142adys\u0142awy KORZEC<\/td><\/tr><tr><td class=\"has-text-align-center\" data-align=\"center\">20.04.2024<\/td><td class=\"has-text-align-center\" data-align=\"center\"><strong>&nbsp;<\/strong>6.30<\/td><td>od kuzyn\u00f3w KORC\u00d3W i PIC<\/td><\/tr><tr><td class=\"has-text-align-center\" data-align=\"center\"><strong>poza<\/strong> <strong>parafi\u0105<\/strong><\/td><td class=\"has-text-align-center\" data-align=\"center\"><strong>&nbsp;<\/strong>ks. Stanis\u0142aw (Tarn\u00f3w)<\/td><td>od Ewy i Andrzeja PROROK<\/td><\/tr><tr><td class=\"has-text-align-center\" data-align=\"center\"><strong>poza<\/strong> <strong>parafi\u0105<\/strong><\/td><td class=\"has-text-align-center\" data-align=\"center\">ks. Stanis\u0142aw (Tarn\u00f3w)<strong>&nbsp;<\/strong><\/td><td>od Justyny i Damiana PROROK<\/td><\/tr><tr><td class=\"has-text-align-center\" data-align=\"center\"><strong>poza<\/strong> <strong>parafi\u0105<\/strong><\/td><td class=\"has-text-align-center\" data-align=\"center\">ks. Jerzy &#8211; wakacje 2024<strong>\u00a0<\/strong><\/td><td>od Mateusza i Weroniki<\/td><\/tr><tr><td class=\"has-text-align-center\" data-align=\"center\"><strong>poza<\/strong> <strong>parafi\u0105<\/strong><\/td><td class=\"has-text-align-center\" data-align=\"center\"><strong>\u00a0<\/strong>ks. Jerzy &#8211; wakacje 2024<strong>\u00a0<\/strong><\/td><td>od Doroty i Andrzeja \u017bYD\u0141O<\/td><\/tr><tr><td class=\"has-text-align-center\" data-align=\"center\"><strong>poza<\/strong> <strong>parafi\u0105<\/strong><\/td><td class=\"has-text-align-center\" data-align=\"center\"><strong>\u00a0<\/strong>ks. Jerzy &#8211; wakacje 2024<strong>\u00a0<\/strong><\/td><td>od Anny DZIEDZIC z rodzin\u0105<\/td><\/tr><tr><td class=\"has-text-align-center\" data-align=\"center\">12.04.2024<\/td><td class=\"has-text-align-center\" data-align=\"center\">6.30<strong>&nbsp;<\/strong><\/td><td>od koleg\u00f3w z pracy syna Konrada z KU\u0179NI z Wydzia\u0142u Utrzymania Ruchu<\/td><\/tr><tr><td class=\"has-text-align-center\" data-align=\"center\"><strong>poza<\/strong> <strong>parafi\u0105<\/strong><\/td><td class=\"has-text-align-center\" data-align=\"center\"><strong>\u00a0<\/strong>ks. Jerzy &#8211; wakacje 2024<strong>\u00a0<\/strong><\/td><td>od koleg\u00f3w z pracy syna Konrada z KU\u0179NI z Wydzia\u0142u Utrzymania Ruchu<\/td><\/tr><tr><td class=\"has-text-align-center\" data-align=\"center\"><strong>poza<\/strong> <strong>parafi\u0105<\/strong><\/td><td class=\"has-text-align-center\" data-align=\"center\"><strong>\u00a0<\/strong>ks. Jerzy &#8211; wakacje 2024<strong>\u00a0<\/strong><\/td><td>od koleg\u00f3w z pracy syna Konrada z KU\u0179NI z Wydzia\u0142u Utrzymania Ruchu<\/td><\/tr><tr><td class=\"has-text-align-center\" data-align=\"center\"><strong>poza<\/strong> <strong>parafi\u0105<\/strong><\/td><td class=\"has-text-align-center\" data-align=\"center\"><strong>\u00a0<\/strong>ks. Jerzy &#8211; wakacje 2024<strong>\u00a0<\/strong><\/td><td>od Antoniego i Krystyny ORZE\u0141<\/td><\/tr><tr><td class=\"has-text-align-center\" data-align=\"center\"><strong>poza<\/strong> <strong>parafi\u0105<\/strong><\/td><td class=\"has-text-align-center\" data-align=\"center\"><strong>\u00a0<\/strong>ks. Jerzy &#8211; wakacje 2024<strong>\u00a0<\/strong><\/td><td>od Piotra ORZE\u0141 z rodzin\u0105<\/td><\/tr><tr><td class=\"has-text-align-center\" data-align=\"center\"><strong>poza<\/strong> <strong>parafi\u0105<\/strong><\/td><td class=\"has-text-align-center\" data-align=\"center\"><strong>\u00a0<\/strong>ks. Jerzy &#8211; wakacje 2024<strong>\u00a0<\/strong><\/td><td>od Beaty LOREK z rodzin\u0105<\/td><\/tr><tr><td class=\"has-text-align-center\" data-align=\"center\"><strong>poza<\/strong> <strong>parafi\u0105<\/strong><\/td><td class=\"has-text-align-center\" data-align=\"center\"><strong>\u00a0<\/strong>ks. Jerzy &#8211; wakacje 2024<strong>\u00a0<\/strong><\/td><td>od Haliny HEJMEJ z rodzin\u0105<\/td><\/tr><tr><td class=\"has-text-align-center\" data-align=\"center\"><strong>poza<\/strong> <strong>parafi\u0105<\/strong><\/td><td class=\"has-text-align-center\" data-align=\"center\"><strong>\u00a0<\/strong>ks. Jerzy &#8211; wakacje 2024<strong>\u00a0<\/strong><\/td><td>od Kazimierza ORZE\u0141 z rodzin\u0105<\/td><\/tr><tr><td class=\"has-text-align-center\" data-align=\"center\"><strong>poza<\/strong> <strong>parafi\u0105<\/strong><\/td><td class=\"has-text-align-center\" data-align=\"center\"><strong>\u00a0<\/strong>ks. Jerzy &#8211; wakacje 2024<strong>\u00a0<\/strong><\/td><td>od Moniki OLEKSY z rodzin\u0105<\/td><\/tr><tr><td class=\"has-text-align-center\" data-align=\"center\"><strong>poza<\/strong> <strong>parafi\u0105<\/strong><\/td><td class=\"has-text-align-center\" data-align=\"center\"><strong>\u00a0<\/strong>ks. Jerzy &#8211; wakacje 2024<strong>\u00a0<\/strong><\/td><td>od Haliny GODZIK z Nowego S\u0105cza<\/td><\/tr><tr><td class=\"has-text-align-center\" data-align=\"center\"><strong>poza<\/strong> <strong>parafi\u0105<\/strong><\/td><td class=\"has-text-align-center\" data-align=\"center\"><strong>\u00a0<\/strong>ks. Jerzy &#8211; wakacje 2024<strong>\u00a0<\/strong><\/td><td>od Antoniego i Andrzeja W\u0104SOWICZ z K\u0119dzierzyna \u2013 KO\u0179LE<\/td><\/tr><tr><td class=\"has-text-align-center\" data-align=\"center\"><strong>poza<\/strong> <strong>parafi\u0105<\/strong><\/td><td class=\"has-text-align-center\" data-align=\"center\"><strong>\u00a0<\/strong>ks. Jerzy &#8211; wakacje 2024<strong>\u00a0<\/strong><\/td><td>od J\u00f3zefa ORZE\u0141 z Tymbarku<\/td><\/tr><tr><td class=\"has-text-align-center\" data-align=\"center\"><strong>poza<\/strong> <strong>parafi\u0105<\/strong><\/td><td class=\"has-text-align-center\" data-align=\"center\"><strong>\u00a0<\/strong>ks. Jerzy &#8211; wakacje 2024<strong>\u00a0<\/strong><\/td><td>od Jerzego M\u0141YNARCZYK z rodzin\u0105<\/td><\/tr><tr><td class=\"has-text-align-center\" data-align=\"center\"><strong>poza<\/strong> <strong>parafi\u0105<\/strong><\/td><td class=\"has-text-align-center\" data-align=\"center\"><strong>\u00a0<\/strong>ks. Jerzy &#8211; wakacje 2024<strong>\u00a0<\/strong><\/td><td>od Marii i Krzysztofa M\u0141YNARCZYK<\/td><\/tr><tr><td class=\"has-text-align-center\" data-align=\"center\"><strong>poza<\/strong> <strong>parafi\u0105<\/strong><\/td><td class=\"has-text-align-center\" data-align=\"center\"><strong>\u00a0<\/strong>ks. Jerzy &#8211; wakacje 2024<strong>\u00a0<\/strong><\/td><td>od Paw\u0142a DZIEDZIC z rodzin\u0105<\/td><\/tr><tr><td class=\"has-text-align-center\" data-align=\"center\">21.04.2024<\/td><td class=\"has-text-align-center\" data-align=\"center\"><strong>&nbsp;<\/strong>6.30<\/td><td>od uczestnik\u00f3w pogrzebu<\/td><\/tr><tr><td class=\"has-text-align-center\" data-align=\"center\">22.04.2024<\/td><td class=\"has-text-align-center\" data-align=\"center\">6.30<strong>&nbsp;<\/strong><\/td><td>od uczestnik\u00f3w pogrzebu<\/td><\/tr><tr><td class=\"has-text-align-center\" data-align=\"center\">23.04.2024<\/td><td class=\"has-text-align-center\" data-align=\"center\"><strong>&nbsp;<\/strong>6.30<\/td><td>od uczestnik\u00f3w pogrzebu<\/td><\/tr><tr><td class=\"has-text-align-center\" data-align=\"center\">24.04.2024<\/td><td class=\"has-text-align-center\" data-align=\"center\">6.30<strong>&nbsp;<\/strong><\/td><td>od uczestnik\u00f3w pogrzebu<\/td><\/tr><tr><td class=\"has-text-align-center\" data-align=\"center\">25.04.2024<\/td><td class=\"has-text-align-center\" data-align=\"center\"><strong>&nbsp;<\/strong>6.30<\/td><td>od uczestnik\u00f3w pogrzebu<\/td><\/tr><tr><td class=\"has-text-align-center\" data-align=\"center\">26.04.2024<\/td><td class=\"has-text-align-center\" data-align=\"center\">6.30<strong>&nbsp;<\/strong><\/td><td>od uczestnik\u00f3w pogrzebu<\/td><\/tr><tr><td class=\"has-text-align-center\" data-align=\"center\">27.04.2024<\/td><td class=\"has-text-align-center\" data-align=\"center\"><strong>&nbsp;<\/strong>6.30<\/td><td>od uczestnik\u00f3w pogrzebu<\/td><\/tr><tr><td class=\"has-text-align-center\" data-align=\"center\">28.04.2024<\/td><td class=\"has-text-align-center\" data-align=\"center\"><strong>&nbsp;<\/strong>6.30<\/td><td>od uczestnik\u00f3w pogrzebu<\/td><\/tr><tr><td class=\"has-text-align-center\" data-align=\"center\">29.04.2024<\/td><td class=\"has-text-align-center\" data-align=\"center\"><strong>&nbsp;<\/strong>6.30<\/td><td>od uczestnik\u00f3w pogrzebu<\/td><\/tr><tr><td class=\"has-text-align-center\" data-align=\"center\">30.04.2024<\/td><td class=\"has-text-align-center\" data-align=\"center\">6.30<strong>&nbsp;<\/strong><\/td><td>od uczestnik\u00f3w pogrzebu<\/td><\/tr><\/tbody><\/table><\/figure>\n","protected":false},"excerpt":{"rendered":"<p>2023\/25 pogrzeb: 18.07.2023 data godz. ofiarodawcy\/intencja 21.07.2023 6.30 w 7 dzie\u0144 po \u015bmierci [od \u017cony] 12.08.2023 6.30 w 30 dzie\u0144 po \u015bmierci [od c\u00f3rki Doroty z rodzin\u0105] 01.04.2024 6.30 od syna z rodzin\u0105 02.04.2024 6.30 od c\u00f3rki Marty z rodzin\u0105&nbsp; 03.04.2024 6.30 &nbsp;od Dzia\u0142kowicz\u00f3w z ul. S\u0142onecznej 04.04.2024 6.30 od Heleny i Tadeusza 05.04.2024 6.30&#8230;<\/p>\n","protected":false},"author":3,"featured_media":188,"comment_status":"closed","ping_status":"","sticky":false,"template":"","format":"standard","meta":{"footnotes":""},"categories":[6],"tags":[],"class_list":["post-3718","post","type-post","status-publish","format-standard","has-post-thumbnail","hentry","category-intencje_pogrzebowe"],"_links":{"self":[{"href":"https:\/\/bobolagorlice.pl\/index.php\/wp-json\/wp\/v2\/posts\/3718","targetHints":{"allow":["GET"]}}],"collection":[{"href":"https:\/\/bobolagorlice.pl\/index.php\/wp-json\/wp\/v2\/posts"}],"about":[{"href":"https:\/\/bobolagorlice.pl\/index.php\/wp-json\/wp\/v2\/types\/post"}],"author":[{"embeddable":true,"href":"https:\/\/bobolagorlice.pl\/index.php\/wp-json\/wp\/v2\/users\/3"}],"replies":[{"embeddable":true,"href":"https:\/\/bobolagorlice.pl\/index.php\/wp-json\/wp\/v2\/comments?post=3718"}],"version-history":[{"count":5,"href":"https:\/\/bobolagorlice.pl\/index.php\/wp-json\/wp\/v2\/posts\/3718\/revisions"}],"predecessor-version":[{"id":4854,"href":"https:\/\/bobolagorlice.pl\/index.php\/wp-json\/wp\/v2\/posts\/3718\/revisions\/4854"}],"wp:featuredmedia":[{"embeddable":true,"href":"https:\/\/bobolagorlice.pl\/index.php\/wp-json\/wp\/v2\/media\/188"}],"wp:attachment":[{"href":"https:\/\/bobolagorlice.pl\/index.php\/wp-json\/wp\/v2\/media?parent=3718"}],"wp:term":[{"taxonomy":"category","embeddable":true,"href":"https:\/\/bobolagorlice.pl\/index.php\/wp-json\/wp\/v2\/categories?post=3718"},{"taxonomy":"post_tag","embeddable":true,"href":"https:\/\/bobolagorlice.pl\/index.php\/wp-json\/wp\/v2\/tags?post=3718"}],"curies":[{"name":"wp","href":"https:\/\/api.w.org\/{rel}","templated":true}]}}