{"id":4331,"date":"2024-01-16T19:40:36","date_gmt":"2024-01-16T18:40:36","guid":{"rendered":"https:\/\/bobolagorlice.pl\/?p=4331"},"modified":"2024-01-29T09:33:04","modified_gmt":"2024-01-29T08:33:04","slug":"mieczyslaw-wiecek","status":"publish","type":"post","link":"https:\/\/bobolagorlice.pl\/index.php\/2024\/01\/16\/mieczyslaw-wiecek\/","title":{"rendered":"\u2020Mieczys\u0142aw WI\u0118CEK"},"content":{"rendered":"\n<p><strong>2024\/5 <\/strong>pogrzeb: 16.01.2024<\/p>\n\n\n\n<figure class=\"wp-block-table\"><table><tbody><tr><td class=\"has-text-align-center\" data-align=\"center\"><strong><em>data<\/em><\/strong><\/td><td class=\"has-text-align-center\" data-align=\"center\"><strong><em>godz.<\/em><\/strong><\/td><td><strong><em>ofiarodawcy\/intencja<\/em><\/strong><\/td><\/tr><tr><td class=\"has-text-align-center\" data-align=\"center\"><strong>21.01.2024<\/strong><\/td><td class=\"has-text-align-center\" data-align=\"center\"><strong>6.30<\/strong><strong><\/strong><\/td><td><strong>w 7 dzie\u0144<\/strong> po \u015bmierci [od syn\u00f3w: Ryszarda z rodzin\u0105, Bogus\u0142awa z Ilon\u0105 i Andrzeja z rodzin\u0105]<\/td><\/tr><tr><td class=\"has-text-align-center\" data-align=\"center\"><strong>13.02.2024<\/strong><\/td><td class=\"has-text-align-center\" data-align=\"center\"><strong>18.00<\/strong><\/td><td>w <strong>30 dzie\u0144<\/strong> po \u015bmierci [od syn\u00f3w: Ryszarda z rodzin\u0105, Bogus\u0142awa z Ilon\u0105 i Andrzeja z rodzin\u0105]<\/td><\/tr><tr><td class=\"has-text-align-center\" data-align=\"center\"><strong>Termin zostanie ustalony<\/strong><\/td><td class=\"has-text-align-center\" data-align=\"center\"><strong>3.<\/strong><\/td><td>od brata Zdzis\u0142awa z rodzin\u0105<\/td><\/tr><tr><td class=\"has-text-align-center\" data-align=\"center\"><strong>Termin zostanie ustalony<\/strong><\/td><td class=\"has-text-align-center\" data-align=\"center\"><strong>4.<\/strong><\/td><td>od szwagierki Gieny z rodzin\u0105<\/td><\/tr><tr><td class=\"has-text-align-center\" data-align=\"center\"><strong>Termin zostanie ustalony<\/strong><\/td><td class=\"has-text-align-center\" data-align=\"center\"><strong>5.<\/strong><\/td><td>od s\u0105siad\u00f3w <strong>2 MSZE<\/strong><\/td><\/tr><tr><td class=\"has-text-align-center\" data-align=\"center\"><strong>Termin zostanie ustalony<\/strong><\/td><td class=\"has-text-align-center\" data-align=\"center\"><strong>6.<\/strong><\/td><td>od Teresy AUGUSTYN i Janusza KUD\u0141AWIEC<\/td><\/tr><tr><td class=\"has-text-align-center\" data-align=\"center\"><strong>Termin zostanie ustalony<\/strong><\/td><td class=\"has-text-align-center\" data-align=\"center\"><strong>7.<\/strong><\/td><td>od chrze\u015bnicy Gra\u017cyny z rodzin\u0105<\/td><\/tr><tr><td class=\"has-text-align-center\" data-align=\"center\"><strong>Termin zostanie ustalony<\/strong><\/td><td class=\"has-text-align-center\" data-align=\"center\"><strong>8.<\/strong><\/td><td>od Aleksandry i Bogus\u0142awa KAMI\u0143SKICH<\/td><\/tr><tr><td class=\"has-text-align-center\" data-align=\"center\"><strong>Termin zostanie ustalony<\/strong><\/td><td class=\"has-text-align-center\" data-align=\"center\"><strong>9.<\/strong><\/td><td>od Teresy i Stanis\u0142awa MUCHA-S\u0141OMSKICH<\/td><\/tr><tr><td class=\"has-text-align-center\" data-align=\"center\"><strong>Termin zostanie ustalony<\/strong><\/td><td class=\"has-text-align-center\" data-align=\"center\"><strong>10.<\/strong><\/td><td>od Podokr\u0119gu pi\u0142ki no\u017cnej Kolegium S\u0119dzi\u00f3w Gorlice<\/td><\/tr><tr><td class=\"has-text-align-center\" data-align=\"center\"><strong>poza<\/strong> <strong>parafi\u0105<\/strong><\/td><td class=\"has-text-align-center\" data-align=\"center\"><strong>&nbsp;<\/strong><\/td><td>od syna Ryszarda z rodzin\u0105<\/td><\/tr><tr><td class=\"has-text-align-center\" data-align=\"center\"><strong>poza<\/strong> <strong>parafi\u0105<\/strong><\/td><td class=\"has-text-align-center\" data-align=\"center\"><strong>&nbsp;<\/strong><\/td><td>od wnuka Jakuba z rodzin\u0105<\/td><\/tr><tr><td class=\"has-text-align-center\" data-align=\"center\"><strong>poza<\/strong> <strong>parafi\u0105<\/strong><\/td><td class=\"has-text-align-center\" data-align=\"center\"><strong>&nbsp;<\/strong><\/td><td>od wnuka Dariusza z Joann\u0105<\/td><\/tr><tr><td class=\"has-text-align-center\" data-align=\"center\"><strong>poza<\/strong> <strong>parafi\u0105<\/strong><\/td><td class=\"has-text-align-center\" data-align=\"center\"><strong>&nbsp;<\/strong><\/td><td>od Marii PALUSZEK z Muszyny<\/td><\/tr><tr><td class=\"has-text-align-center\" data-align=\"center\"><strong>poza<\/strong> <strong>parafi\u0105<\/strong><\/td><td class=\"has-text-align-center\" data-align=\"center\"><strong>&nbsp;<\/strong><\/td><td>od Krystyny RUTKA z Muszyny<\/td><\/tr><tr><td class=\"has-text-align-center\" data-align=\"center\"><strong>poza<\/strong> <strong>parafi\u0105<\/strong><\/td><td class=\"has-text-align-center\" data-align=\"center\"><strong>&nbsp;<\/strong><\/td><td>od El\u017cbiety i Bogdana MIELEC z Suchej Beskidzkiej<\/td><\/tr><tr><td class=\"has-text-align-center\" data-align=\"center\"><strong>poza<\/strong> <strong>parafi\u0105<\/strong><\/td><td class=\"has-text-align-center\" data-align=\"center\"><strong>&nbsp;<\/strong><\/td><td>od pracownik\u00f3w DPS w Muszynie<\/td><\/tr><tr><td class=\"has-text-align-center\" data-align=\"center\"><strong>poza<\/strong> <strong>parafi\u0105<\/strong><\/td><td class=\"has-text-align-center\" data-align=\"center\"><strong>&nbsp;<\/strong><\/td><td>od wnuka Piotrka z rodzin\u0105<\/td><\/tr><tr><td class=\"has-text-align-center\" data-align=\"center\"><strong>poza<\/strong> <strong>parafi\u0105<\/strong><\/td><td class=\"has-text-align-center\" data-align=\"center\"><strong>&nbsp;<\/strong><\/td><td>od Piotra TRESTU\u0141Y z rodzin\u0105<\/td><\/tr><tr><td class=\"has-text-align-center\" data-align=\"center\"><strong>poza<\/strong> <strong>parafi\u0105<\/strong><\/td><td class=\"has-text-align-center\" data-align=\"center\"><strong>&nbsp;<\/strong><\/td><td>od rodziny IZWORSKICH<\/td><\/tr><tr><td class=\"has-text-align-center\" data-align=\"center\"><strong>poza<\/strong> <strong>parafi\u0105<\/strong><\/td><td class=\"has-text-align-center\" data-align=\"center\"><strong>&nbsp;<\/strong><\/td><td>od rodziny OPOK\u00d3W<\/td><\/tr><tr><td class=\"has-text-align-center\" data-align=\"center\"><strong>poza<\/strong> <strong>parafi\u0105<\/strong><\/td><td class=\"has-text-align-center\" data-align=\"center\"><\/td><td>od wnuczki Ani z rodzin\u0105<\/td><\/tr><tr><td class=\"has-text-align-center\" data-align=\"center\"><strong>poza<\/strong> <strong>parafi\u0105<\/strong><\/td><td class=\"has-text-align-center\" data-align=\"center\"><strong>&nbsp;<\/strong><\/td><td>od rodziny OPYD<\/td><\/tr><tr><td class=\"has-text-align-center\" data-align=\"center\"><strong>poza<\/strong> <strong>parafi\u0105<\/strong><\/td><td class=\"has-text-align-center\" data-align=\"center\"><strong>&nbsp;<\/strong><\/td><td>od rodziny PIECUCH\u00d3W<\/td><\/tr><tr><td class=\"has-text-align-center\" data-align=\"center\"><strong>poza<\/strong> <strong>parafi\u0105<\/strong><\/td><td class=\"has-text-align-center\" data-align=\"center\"><strong>&nbsp;<\/strong><\/td><td>od rodziny Anny i Ryszarda WOJNARSKICH<\/td><\/tr><tr><td class=\"has-text-align-center\" data-align=\"center\"><strong>poza<\/strong> <strong>parafi\u0105<\/strong><\/td><td class=\"has-text-align-center\" data-align=\"center\"><strong>&nbsp;<\/strong><\/td><td>od rodziny Marii i Zbigniewa KOTOWICZ\u00d3W<\/td><\/tr><tr><td class=\"has-text-align-center\" data-align=\"center\"><strong>poza<\/strong> <strong>parafi\u0105<\/strong><\/td><td class=\"has-text-align-center\" data-align=\"center\"><strong>&nbsp;<\/strong><\/td><td>od Ryszarda i J\u00f3zefy WILCZYNSKICH z Brzeznej<\/td><\/tr><tr><td class=\"has-text-align-center\" data-align=\"center\"><strong>poza<\/strong> <strong>parafi\u0105<\/strong><\/td><td class=\"has-text-align-center\" data-align=\"center\"><strong>&nbsp;<\/strong><\/td><td>od Krzysztofa KRZEMI\u0143SKIEGO Z Krystyn\u0105<\/td><\/tr><tr><td class=\"has-text-align-center\" data-align=\"center\"><strong>poza<\/strong> <strong>parafi\u0105<\/strong><\/td><td class=\"has-text-align-center\" data-align=\"center\"><strong>&nbsp;<\/strong><\/td><td>od rodziny ROZCIECH\u00d3W<\/td><\/tr><tr><td class=\"has-text-align-center\" data-align=\"center\"><strong>poza<\/strong> <strong>parafi\u0105<\/strong><\/td><td class=\"has-text-align-center\" data-align=\"center\"><strong>&nbsp;<\/strong><\/td><td>od Moniki i Romana R\u00d3\u017bA\u0143SKICH<\/td><\/tr><tr><td class=\"has-text-align-center\" data-align=\"center\"><strong>poza<\/strong> <strong>parafi\u0105<\/strong><\/td><td class=\"has-text-align-center\" data-align=\"center\"><strong>&nbsp;<\/strong><\/td><td>od Barbary i Miros\u0142awa BRYNIAK\u00d3W<\/td><\/tr><tr><td class=\"has-text-align-center\" data-align=\"center\"><strong>poza<\/strong> <strong>parafi\u0105<\/strong><\/td><td class=\"has-text-align-center\" data-align=\"center\"><strong>&nbsp;<\/strong><\/td><td>od bratanicy Zdzis\u0142awy<\/td><\/tr><tr><td class=\"has-text-align-center\" data-align=\"center\"><strong>poza<\/strong> <strong>parafi\u0105<\/strong><\/td><td class=\"has-text-align-center\" data-align=\"center\"><strong>&nbsp;<\/strong><\/td><td>od bratanicy Barbary z rodzin\u0105<\/td><\/tr><tr><td class=\"has-text-align-center\" data-align=\"center\"><strong>poza<\/strong> <strong>parafi\u0105<\/strong><\/td><td class=\"has-text-align-center\" data-align=\"center\"><strong>&nbsp;<\/strong><\/td><td>od Barbary i Edwarda WOJNARSKIEGO z rodzin\u0105<\/td><\/tr><tr><td class=\"has-text-align-center\" data-align=\"center\"><strong>poza<\/strong> <strong>parafi\u0105<\/strong><\/td><td class=\"has-text-align-center\" data-align=\"center\"><strong>&nbsp;<\/strong><\/td><td>od Gra\u017cyny i Kazimierza KORZENIOWSKICH<\/td><\/tr><tr><td class=\"has-text-align-center\" data-align=\"center\"><strong>poza<\/strong> <strong>parafi\u0105<\/strong><\/td><td class=\"has-text-align-center\" data-align=\"center\"><strong>&nbsp;<\/strong><\/td><td>od firmy \u201eWOFIL\u201d<\/td><\/tr><tr><td class=\"has-text-align-center\" data-align=\"center\"><strong>poza<\/strong> <strong>parafi\u0105<\/strong><\/td><td class=\"has-text-align-center\" data-align=\"center\"><strong>&nbsp;<\/strong><\/td><td>od uczestnik\u00f3w pogrzebu<\/td><\/tr><tr><td class=\"has-text-align-center\" data-align=\"center\"><strong>poza<\/strong> <strong>parafi\u0105<\/strong><\/td><td class=\"has-text-align-center\" data-align=\"center\"><strong>&nbsp;<\/strong><\/td><td>od uczestnik\u00f3w pogrzebu<\/td><\/tr><tr><td class=\"has-text-align-center\" data-align=\"center\"><strong>poza<\/strong> <strong>parafi\u0105<\/strong><\/td><td class=\"has-text-align-center\" data-align=\"center\"><strong>&nbsp;<\/strong><\/td><td>od uczestnik\u00f3w pogrzebu<\/td><\/tr><tr><td class=\"has-text-align-center\" data-align=\"center\"><strong>poza<\/strong> <strong>parafi\u0105<\/strong><\/td><td class=\"has-text-align-center\" data-align=\"center\"><strong>&nbsp;<\/strong><\/td><td>od uczestnik\u00f3w pogrzebu<\/td><\/tr><\/tbody><\/table><\/figure>\n","protected":false},"excerpt":{"rendered":"<p>2024\/5 pogrzeb: 16.01.2024 data godz. ofiarodawcy\/intencja 21.01.2024 6.30 w 7 dzie\u0144 po \u015bmierci [od syn\u00f3w: Ryszarda z rodzin\u0105, Bogus\u0142awa z Ilon\u0105 i Andrzeja z rodzin\u0105] 13.02.2024 18.00 w 30 dzie\u0144 po \u015bmierci [od syn\u00f3w: Ryszarda z rodzin\u0105, Bogus\u0142awa z Ilon\u0105 i Andrzeja z rodzin\u0105] Termin zostanie ustalony 3. od brata Zdzis\u0142awa z rodzin\u0105 Termin zostanie&#8230;<\/p>\n","protected":false},"author":3,"featured_media":188,"comment_status":"closed","ping_status":"","sticky":false,"template":"","format":"standard","meta":{"footnotes":""},"categories":[6],"tags":[],"class_list":["post-4331","post","type-post","status-publish","format-standard","has-post-thumbnail","hentry","category-intencje_pogrzebowe"],"_links":{"self":[{"href":"https:\/\/bobolagorlice.pl\/index.php\/wp-json\/wp\/v2\/posts\/4331","targetHints":{"allow":["GET"]}}],"collection":[{"href":"https:\/\/bobolagorlice.pl\/index.php\/wp-json\/wp\/v2\/posts"}],"about":[{"href":"https:\/\/bobolagorlice.pl\/index.php\/wp-json\/wp\/v2\/types\/post"}],"author":[{"embeddable":true,"href":"https:\/\/bobolagorlice.pl\/index.php\/wp-json\/wp\/v2\/users\/3"}],"replies":[{"embeddable":true,"href":"https:\/\/bobolagorlice.pl\/index.php\/wp-json\/wp\/v2\/comments?post=4331"}],"version-history":[{"count":2,"href":"https:\/\/bobolagorlice.pl\/index.php\/wp-json\/wp\/v2\/posts\/4331\/revisions"}],"predecessor-version":[{"id":4385,"href":"https:\/\/bobolagorlice.pl\/index.php\/wp-json\/wp\/v2\/posts\/4331\/revisions\/4385"}],"wp:featuredmedia":[{"embeddable":true,"href":"https:\/\/bobolagorlice.pl\/index.php\/wp-json\/wp\/v2\/media\/188"}],"wp:attachment":[{"href":"https:\/\/bobolagorlice.pl\/index.php\/wp-json\/wp\/v2\/media?parent=4331"}],"wp:term":[{"taxonomy":"category","embeddable":true,"href":"https:\/\/bobolagorlice.pl\/index.php\/wp-json\/wp\/v2\/categories?post=4331"},{"taxonomy":"post_tag","embeddable":true,"href":"https:\/\/bobolagorlice.pl\/index.php\/wp-json\/wp\/v2\/tags?post=4331"}],"curies":[{"name":"wp","href":"https:\/\/api.w.org\/{rel}","templated":true}]}}