{"id":4606,"date":"2024-04-04T13:49:11","date_gmt":"2024-04-04T11:49:11","guid":{"rendered":"https:\/\/bobolagorlice.pl\/?p=4606"},"modified":"2024-04-04T13:50:38","modified_gmt":"2024-04-04T11:50:38","slug":"tadeusz-szurek","status":"publish","type":"post","link":"https:\/\/bobolagorlice.pl\/index.php\/2024\/04\/04\/tadeusz-szurek\/","title":{"rendered":"\u2020Tadeusz SZUREK"},"content":{"rendered":"\n<p><strong>2024\/23<\/strong><\/p>\n\n\n\n<figure class=\"wp-block-table\"><table><tbody><tr><td class=\"has-text-align-center\" data-align=\"center\"><strong><em>data<\/em><\/strong><\/td><td class=\"has-text-align-center\" data-align=\"center\"><strong><em>godz.<\/em><\/strong><\/td><td><strong><em>ofiarodawcy\/intencja<\/em><\/strong><\/td><\/tr><tr><td class=\"has-text-align-center\" data-align=\"center\"><strong>08.04.2024<\/strong><\/td><td class=\"has-text-align-center\" data-align=\"center\"><strong>18.00<\/strong><strong><s><\/s><\/strong><\/td><td><strong>w 7 dzie\u0144<\/strong> po \u015bmierci [od syn\u00f3w z rodzinami]<\/td><\/tr><tr><td class=\"has-text-align-center\" data-align=\"center\"><strong>01.05.2024<\/strong><\/td><td class=\"has-text-align-center\" data-align=\"center\"><strong>18.00<\/strong><\/td><td>w <strong>30 dzie\u0144<\/strong> po \u015bmierci [od syn\u00f3w z rodzinami<\/td><\/tr><tr><td class=\"has-text-align-center\" data-align=\"center\"><strong>Termin zostanie ustalony<\/strong><\/td><td class=\"has-text-align-center\" data-align=\"center\"><strong>3.<\/strong><\/td><td>od s\u0105siad\u00f3w z bloku<\/td><\/tr><tr><td class=\"has-text-align-center\" data-align=\"center\"><strong>Termin zostanie ustalony<\/strong><\/td><td class=\"has-text-align-center\" data-align=\"center\"><strong>4.<\/strong><\/td><td>od Jadwigi FYDA<\/td><\/tr><tr><td class=\"has-text-align-center\" data-align=\"center\"><strong>Termin zostanie ustalony<\/strong><\/td><td class=\"has-text-align-center\" data-align=\"center\"><strong>5.<\/strong><\/td><td>od siostry Haliny z rodzin\u0105<\/td><\/tr><tr><td class=\"has-text-align-center\" data-align=\"center\"><strong>Termin zostanie ustalony<\/strong><\/td><td class=\"has-text-align-center\" data-align=\"center\"><strong>6.<\/strong><\/td><td>od siostry El\u017cbiety z rodzin\u0105<\/td><\/tr><tr><td class=\"has-text-align-center\" data-align=\"center\"><strong>Termin zostanie ustalony<\/strong><\/td><td class=\"has-text-align-center\" data-align=\"center\"><strong>7.<\/strong><\/td><td>od brata Jurka z \u017con\u0105<\/td><\/tr><tr><td class=\"has-text-align-center\" data-align=\"center\"><strong>Termin zostanie ustalony<\/strong><\/td><td class=\"has-text-align-center\" data-align=\"center\"><strong>8.<\/strong><\/td><td>od chrze\u015bnicy Kingi z m\u0119\u017cem<\/td><\/tr><tr><td class=\"has-text-align-center\" data-align=\"center\"><strong>Termin zostanie ustalony<\/strong><\/td><td class=\"has-text-align-center\" data-align=\"center\"><strong>9.<\/strong><\/td><td>od chrze\u015bniaka Tomasza z rodzin\u0105<\/td><\/tr><tr><td class=\"has-text-align-center\" data-align=\"center\"><strong>Termin zostanie ustalony<\/strong><\/td><td class=\"has-text-align-center\" data-align=\"center\"><strong>10.<\/strong><\/td><td>od uczestnik\u00f3w pogrzebu<\/td><\/tr><tr><td class=\"has-text-align-center\" data-align=\"center\"><strong>poza<\/strong> <strong>parafi\u0105<\/strong><\/td><td class=\"has-text-align-center\" data-align=\"center\"><strong>&nbsp;<\/strong><\/td><td>od Katarzyny i Tomasza SZUREK<\/td><\/tr><tr><td class=\"has-text-align-center\" data-align=\"center\"><strong>poza<\/strong> <strong>parafi\u0105<\/strong><\/td><td class=\"has-text-align-center\" data-align=\"center\"><strong>&nbsp;<\/strong><\/td><td>od Lucyny z dzie\u0107mi<\/td><\/tr><tr><td class=\"has-text-align-center\" data-align=\"center\"><strong>poza<\/strong> <strong>parafi\u0105<\/strong><\/td><td class=\"has-text-align-center\" data-align=\"center\"><strong>&nbsp;<\/strong><\/td><td>od Marii i Kryspina KARP z rodzin\u0105 z Rozdziela<\/td><\/tr><tr><td class=\"has-text-align-center\" data-align=\"center\"><strong>poza<\/strong> <strong>parafi\u0105<\/strong><\/td><td class=\"has-text-align-center\" data-align=\"center\"><strong>&nbsp;<\/strong><\/td><td>od rodziny ZAWI\u0141A<\/td><\/tr><tr><td class=\"has-text-align-center\" data-align=\"center\"><strong>poza<\/strong> <strong>parafi\u0105<\/strong><\/td><td class=\"has-text-align-center\" data-align=\"center\"><strong>&nbsp;<\/strong><\/td><td>od \u015aWI\u0104TK\u00d3W<\/td><\/tr><tr><td class=\"has-text-align-center\" data-align=\"center\"><strong>poza<\/strong> <strong>parafi\u0105<\/strong><\/td><td class=\"has-text-align-center\" data-align=\"center\"><strong>&nbsp;<\/strong><\/td><td>od rodziny SOCH\u00d3W z Nowego S\u0105cza<\/td><\/tr><tr><td class=\"has-text-align-center\" data-align=\"center\"><strong>poza<\/strong> <strong>parafi\u0105<\/strong><\/td><td class=\"has-text-align-center\" data-align=\"center\"><strong>&nbsp;<\/strong><\/td><td>od Anny i Roberta CIE\u015aLA<\/td><\/tr><tr><td class=\"has-text-align-center\" data-align=\"center\"><strong>poza<\/strong> <strong>parafi\u0105<\/strong><\/td><td class=\"has-text-align-center\" data-align=\"center\"><strong>&nbsp;<\/strong><\/td><td>od rodziny HABAJ\u00d3W z \u0141u\u017cnej<\/td><\/tr><tr><td class=\"has-text-align-center\" data-align=\"center\"><strong>poza<\/strong> <strong>parafi\u0105<\/strong><\/td><td class=\"has-text-align-center\" data-align=\"center\"><strong>&nbsp;<\/strong><\/td><td>od kuzynostwa z Sobniowa<\/td><\/tr><tr><td class=\"has-text-align-center\" data-align=\"center\"><strong>poza<\/strong> <strong>parafi\u0105<\/strong><\/td><td class=\"has-text-align-center\" data-align=\"center\"><strong>&nbsp;<\/strong><\/td><td>od uczestnik\u00f3w pogrzebu<\/td><\/tr><tr><td class=\"has-text-align-center\" data-align=\"center\"><strong>poza<\/strong> <strong>parafi\u0105<\/strong><\/td><td class=\"has-text-align-center\" data-align=\"center\"><strong>&nbsp;<\/strong><\/td><td>od uczestnik\u00f3w pogrzebu<\/td><\/tr><\/tbody><\/table><\/figure>\n","protected":false},"excerpt":{"rendered":"<p>2024\/23 data godz. ofiarodawcy\/intencja 08.04.2024 18.00 w 7 dzie\u0144 po \u015bmierci [od syn\u00f3w z rodzinami] 01.05.2024 18.00 w 30 dzie\u0144 po \u015bmierci [od syn\u00f3w z rodzinami Termin zostanie ustalony 3. od s\u0105siad\u00f3w z bloku Termin zostanie ustalony 4. od Jadwigi FYDA Termin zostanie ustalony 5. od siostry Haliny z rodzin\u0105 Termin zostanie ustalony 6. od&#8230;<\/p>\n","protected":false},"author":3,"featured_media":188,"comment_status":"closed","ping_status":"closed","sticky":false,"template":"","format":"standard","meta":{"footnotes":""},"categories":[6],"tags":[],"class_list":["post-4606","post","type-post","status-publish","format-standard","has-post-thumbnail","hentry","category-intencje_pogrzebowe"],"_links":{"self":[{"href":"https:\/\/bobolagorlice.pl\/index.php\/wp-json\/wp\/v2\/posts\/4606","targetHints":{"allow":["GET"]}}],"collection":[{"href":"https:\/\/bobolagorlice.pl\/index.php\/wp-json\/wp\/v2\/posts"}],"about":[{"href":"https:\/\/bobolagorlice.pl\/index.php\/wp-json\/wp\/v2\/types\/post"}],"author":[{"embeddable":true,"href":"https:\/\/bobolagorlice.pl\/index.php\/wp-json\/wp\/v2\/users\/3"}],"replies":[{"embeddable":true,"href":"https:\/\/bobolagorlice.pl\/index.php\/wp-json\/wp\/v2\/comments?post=4606"}],"version-history":[{"count":1,"href":"https:\/\/bobolagorlice.pl\/index.php\/wp-json\/wp\/v2\/posts\/4606\/revisions"}],"predecessor-version":[{"id":4607,"href":"https:\/\/bobolagorlice.pl\/index.php\/wp-json\/wp\/v2\/posts\/4606\/revisions\/4607"}],"wp:featuredmedia":[{"embeddable":true,"href":"https:\/\/bobolagorlice.pl\/index.php\/wp-json\/wp\/v2\/media\/188"}],"wp:attachment":[{"href":"https:\/\/bobolagorlice.pl\/index.php\/wp-json\/wp\/v2\/media?parent=4606"}],"wp:term":[{"taxonomy":"category","embeddable":true,"href":"https:\/\/bobolagorlice.pl\/index.php\/wp-json\/wp\/v2\/categories?post=4606"},{"taxonomy":"post_tag","embeddable":true,"href":"https:\/\/bobolagorlice.pl\/index.php\/wp-json\/wp\/v2\/tags?post=4606"}],"curies":[{"name":"wp","href":"https:\/\/api.w.org\/{rel}","templated":true}]}}