{"id":5013,"date":"2024-08-10T15:50:44","date_gmt":"2024-08-10T13:50:44","guid":{"rendered":"https:\/\/bobolagorlice.pl\/?p=5013"},"modified":"2024-08-13T12:07:01","modified_gmt":"2024-08-13T10:07:01","slug":"aurelia-sroka","status":"publish","type":"post","link":"https:\/\/bobolagorlice.pl\/index.php\/2024\/08\/10\/aurelia-sroka\/","title":{"rendered":"\u2020Aurelia SROKA"},"content":{"rendered":"\n<p><strong>2024\/44 <\/strong>pogrzeb: 10.08.2024<\/p>\n\n\n\n<figure class=\"wp-block-table\"><table class=\"has-fixed-layout\"><tbody><tr><td class=\"has-text-align-center\" data-align=\"center\"><strong><em>data<\/em><\/strong><\/td><td class=\"has-text-align-center\" data-align=\"center\"><strong><em>godz.<\/em><\/strong><\/td><td><strong><em>ofiarodawcy\/intencja<\/em><\/strong><\/td><\/tr><tr><td class=\"has-text-align-center\" data-align=\"center\"><strong>16.08.2024<\/strong><\/td><td class=\"has-text-align-center\" data-align=\"center\"><strong>6.30<\/strong><strong><\/strong><\/td><td><strong>w 7 dzie\u0144<\/strong> po \u015bmierci [z intencji siostry z m\u0119\u017cem]<\/td><\/tr><tr><td class=\"has-text-align-center\" data-align=\"center\"><strong>07.09.2024<\/strong><\/td><td class=\"has-text-align-center\" data-align=\"center\"><strong>6.30<\/strong><\/td><td>w <strong>30 dzie\u0144<\/strong> po \u015bmierci [z intencji siostry z m\u0119\u017cem]<\/td><\/tr><tr><td class=\"has-text-align-center\" data-align=\"center\"><strong>Termin zostanie ustalony<\/strong><\/td><td class=\"has-text-align-center\" data-align=\"center\"><strong>3.<\/strong><\/td><td>od kuzynek Marii i Krystyny<\/td><\/tr><tr><td class=\"has-text-align-center\" data-align=\"center\"><strong>Termin zostanie ustalony<\/strong><\/td><td class=\"has-text-align-center\" data-align=\"center\"><strong>4.<\/strong><\/td><td>od firmy DOMER (dla drogiej Aureli)<\/td><\/tr><tr><td class=\"has-text-align-center\" data-align=\"center\"><strong>Termin zostanie ustalony<\/strong><\/td><td class=\"has-text-align-center\" data-align=\"center\"><strong>5.<\/strong><\/td><td>od kuzynki Marty z rodzin\u0105<\/td><\/tr><tr><td class=\"has-text-align-center\" data-align=\"center\"><strong>Termin zostanie ustalony<\/strong><\/td><td class=\"has-text-align-center\" data-align=\"center\"><strong>6.<\/strong><\/td><td>od kole\u017canki Wies\u0142awy BRUDNIAK<\/td><\/tr><tr><td class=\"has-text-align-center\" data-align=\"center\"><strong>Termin zostanie ustalony<\/strong><\/td><td class=\"has-text-align-center\" data-align=\"center\"><strong>7.<\/strong><\/td><td>od Stanis\u0142awy PIETRZAK<\/td><\/tr><tr><td class=\"has-text-align-center\" data-align=\"center\"><strong>Termin zostanie ustalony<\/strong><\/td><td class=\"has-text-align-center\" data-align=\"center\"><strong>8.<\/strong><\/td><td>od Marty i Adama GROCHOWSKICH<\/td><\/tr><tr><td class=\"has-text-align-center\" data-align=\"center\"><strong>Termin zostanie ustalony<\/strong><\/td><td class=\"has-text-align-center\" data-align=\"center\"><strong>9.<\/strong><\/td><td>od kole\u017canek Anny, Beaty, Bernadety, Edyty i Sylwii<\/td><\/tr><tr><td class=\"has-text-align-center\" data-align=\"center\"><strong>Termin zostanie ustalony<\/strong><\/td><td class=\"has-text-align-center\" data-align=\"center\"><strong>10.<\/strong><\/td><td>od s\u0105siad\u00f3w z bloku<\/td><\/tr><tr><td class=\"has-text-align-center\" data-align=\"center\"><strong>poza<\/strong> <strong>parafi\u0105<\/strong><\/td><td class=\"has-text-align-center\" data-align=\"center\"><strong>&nbsp;<\/strong><\/td><td>od s\u0105siad\u00f3w z bloku<\/td><\/tr><tr><td class=\"has-text-align-center\" data-align=\"center\"><strong>poza<\/strong> <strong>parafi\u0105<\/strong><\/td><td class=\"has-text-align-center\" data-align=\"center\"><strong>&nbsp;<\/strong><\/td><td>od s\u0105siad\u00f3w z bloku<\/td><\/tr><tr><td class=\"has-text-align-center\" data-align=\"center\"><strong>poza<\/strong> <strong>parafi\u0105<\/strong><\/td><td class=\"has-text-align-center\" data-align=\"center\"><strong>&nbsp;<\/strong><\/td><td>od s\u0105siad\u00f3w z bloku<\/td><\/tr><tr><td class=\"has-text-align-center\" data-align=\"center\"><strong>poza<\/strong> <strong>parafi\u0105<\/strong><\/td><td class=\"has-text-align-center\" data-align=\"center\"><strong>&nbsp;<\/strong><\/td><td>z intencji Franciszka PIETRUSZA z \u017con\u0105 i c\u00f3rkami<\/td><\/tr><tr><td class=\"has-text-align-center\" data-align=\"center\"><strong>poza<\/strong> <strong>parafi\u0105<\/strong><\/td><td class=\"has-text-align-center\" data-align=\"center\"><strong>&nbsp;<\/strong><\/td><td>z intencji Jerzego MUZYKA<\/td><\/tr><tr><td class=\"has-text-align-center\" data-align=\"center\"><strong>poza<\/strong> <strong>parafi\u0105<\/strong><\/td><td class=\"has-text-align-center\" data-align=\"center\"><strong>&nbsp;<\/strong><\/td><td>od Haliny i Kryspina KRUPCZAK<\/td><\/tr><tr><td class=\"has-text-align-center\" data-align=\"center\"><strong>poza<\/strong> <strong>parafi\u0105<\/strong><\/td><td class=\"has-text-align-center\" data-align=\"center\"><strong>&nbsp;<\/strong><\/td><td>od rodziny Moniki i J\u00f3zefa POLAK<\/td><\/tr><tr><td class=\"has-text-align-center\" data-align=\"center\"><strong>poza<\/strong> <strong>parafi\u0105<\/strong><\/td><td class=\"has-text-align-center\" data-align=\"center\"><strong>&nbsp;<\/strong><\/td><td>z intencji Ewy z rodzin\u0105<\/td><\/tr><tr><td class=\"has-text-align-center\" data-align=\"center\"><strong>poza<\/strong> <strong>parafi\u0105<\/strong><\/td><td class=\"has-text-align-center\" data-align=\"center\"><strong>&nbsp;<\/strong><\/td><td>od rodzin NOWAKOWSKICH<\/td><\/tr><tr><td class=\"has-text-align-center\" data-align=\"center\"><strong>poza<\/strong> <strong>parafi\u0105<\/strong><\/td><td class=\"has-text-align-center\" data-align=\"center\"><strong>&nbsp;<\/strong><\/td><td>od rodzin NOWAKOWSKICH<\/td><\/tr><tr><td class=\"has-text-align-center\" data-align=\"center\"><strong>poza<\/strong> <strong>parafi\u0105<\/strong><\/td><td class=\"has-text-align-center\" data-align=\"center\"><strong>&nbsp;<\/strong><\/td><td>od kole\u017canek i koleg\u00f3w z Biura Rachunkowego TAX<\/td><\/tr><tr><td class=\"has-text-align-center\" data-align=\"center\"><strong>poza<\/strong> <strong>parafi\u0105<\/strong><\/td><td class=\"has-text-align-center\" data-align=\"center\"><strong>&nbsp;<\/strong><\/td><td>od kole\u017canek i koleg\u00f3w z Biura Rachunkowego TAX<\/td><\/tr><tr><td class=\"has-text-align-center\" data-align=\"center\"><strong>poza<\/strong> <strong>parafi\u0105<\/strong><\/td><td class=\"has-text-align-center\" data-align=\"center\"><strong>&nbsp;<\/strong><\/td><td>od kole\u017canek i koleg\u00f3w z pracy W.P.H.W. Gorlice<\/td><\/tr><tr><td class=\"has-text-align-center\" data-align=\"center\"><strong>poza<\/strong> <strong>parafi\u0105<\/strong><\/td><td class=\"has-text-align-center\" data-align=\"center\"><strong>&nbsp;<\/strong><\/td><td>od kole\u017canek i koleg\u00f3w z pracy W.P.H.W. Gorlice<\/td><\/tr><tr><td class=\"has-text-align-center\" data-align=\"center\"><strong>poza<\/strong> <strong>parafi\u0105<\/strong><\/td><td class=\"has-text-align-center\" data-align=\"center\"><strong>&nbsp;<\/strong><\/td><td>od kole\u017canek i koleg\u00f3w z pracy W.P.H.W. Gorlice<\/td><\/tr><tr><td class=\"has-text-align-center\" data-align=\"center\"><strong>poza<\/strong> <strong>parafi\u0105<\/strong><\/td><td class=\"has-text-align-center\" data-align=\"center\"><strong>&nbsp;<\/strong><\/td><td>od rodziny BIA\u0141O\u0143 z Libuszy<\/td><\/tr><tr><td class=\"has-text-align-center\" data-align=\"center\"><strong>poza<\/strong> <strong>parafi\u0105<\/strong><\/td><td class=\"has-text-align-center\" data-align=\"center\"><strong>&nbsp;<\/strong><\/td><td>od Renaty i Kazimierza KISZKA<\/td><\/tr><tr><td class=\"has-text-align-center\" data-align=\"center\"><strong>poza<\/strong> <strong>parafi\u0105<\/strong><\/td><td class=\"has-text-align-center\" data-align=\"center\"><strong>&nbsp;<\/strong><\/td><td>od Urszuli i Jana WALLACH<\/td><\/tr><tr><td class=\"has-text-align-center\" data-align=\"center\"><strong>poza<\/strong> <strong>parafi\u0105<\/strong><\/td><td class=\"has-text-align-center\" data-align=\"center\"><strong>&nbsp;<\/strong><\/td><td>od rodziny KONIK<\/td><\/tr><tr><td class=\"has-text-align-center\" data-align=\"center\"><strong>poza<\/strong> <strong>parafi\u0105<\/strong><\/td><td class=\"has-text-align-center\" data-align=\"center\"><strong>&nbsp;<\/strong><\/td><td>od rodziny TENEROWICZ<\/td><\/tr><tr><td class=\"has-text-align-center\" data-align=\"center\"><strong>poza<\/strong> <strong>parafi\u0105<\/strong><\/td><td class=\"has-text-align-center\" data-align=\"center\"><strong>&nbsp;<\/strong><\/td><td>od Krystyny SERAFIN z rodzin\u0105 z Gorlic<\/td><\/tr><tr><td class=\"has-text-align-center\" data-align=\"center\"><strong>poza<\/strong> <strong>parafi\u0105<\/strong><\/td><td class=\"has-text-align-center\" data-align=\"center\"><strong>&nbsp;<\/strong><\/td><td>od Marii GAWLAK z rodzin\u0105 z Libuszy<\/td><\/tr><tr><td class=\"has-text-align-center\" data-align=\"center\"><strong>poza<\/strong> <strong>parafi\u0105<\/strong><\/td><td class=\"has-text-align-center\" data-align=\"center\"><strong>&nbsp;<\/strong><\/td><td>od rodziny SP\u00d3LNIK<\/td><\/tr><tr><td class=\"has-text-align-center\" data-align=\"center\"><strong>poza<\/strong> <strong>parafi\u0105<\/strong><\/td><td class=\"has-text-align-center\" data-align=\"center\"><strong>&nbsp;<\/strong><\/td><td>od w\u0142a\u015bciciela i pracownik\u00f3w firmy WERONICA<\/td><\/tr><tr><td class=\"has-text-align-center\" data-align=\"center\"><strong>poza<\/strong> <strong>parafi\u0105<\/strong><\/td><td class=\"has-text-align-center\" data-align=\"center\"><strong>&nbsp;<\/strong><\/td><td>od uczestnik\u00f3w pogrzebu<\/td><\/tr><tr><td class=\"has-text-align-center\" data-align=\"center\"><strong>poza<\/strong> <strong>parafi\u0105<\/strong><\/td><td class=\"has-text-align-center\" data-align=\"center\"><strong>&nbsp;<\/strong><\/td><td>od uczestnik\u00f3w pogrzebu<\/td><\/tr><tr><td class=\"has-text-align-center\" data-align=\"center\"><strong>poza<\/strong> <strong>parafi\u0105<\/strong><\/td><td class=\"has-text-align-center\" data-align=\"center\"><strong>&nbsp;<\/strong><\/td><td>od uczestnik\u00f3w pogrzebu<\/td><\/tr><tr><td class=\"has-text-align-center\" data-align=\"center\"><strong>poza<\/strong> <strong>parafi\u0105<\/strong><\/td><td class=\"has-text-align-center\" data-align=\"center\"><strong>&nbsp;<\/strong><\/td><td>od uczestnik\u00f3w pogrzebu<\/td><\/tr><tr><td class=\"has-text-align-center\" data-align=\"center\"><strong>poza<\/strong> <strong>parafi\u0105<\/strong><\/td><td class=\"has-text-align-center\" data-align=\"center\"><strong>&nbsp;<\/strong><\/td><td>od uczestnik\u00f3w pogrzebu<\/td><\/tr><tr><td class=\"has-text-align-center\" data-align=\"center\"><strong>poza<\/strong> <strong>parafi\u0105<\/strong><\/td><td class=\"has-text-align-center\" data-align=\"center\"><strong>&nbsp;<\/strong><\/td><td>od uczestnik\u00f3w pogrzebu<\/td><\/tr><\/tbody><\/table><\/figure>\n","protected":false},"excerpt":{"rendered":"<p>2024\/44 pogrzeb: 10.08.2024 data godz. ofiarodawcy\/intencja 16.08.2024 6.30 w 7 dzie\u0144 po \u015bmierci [z intencji siostry z m\u0119\u017cem] 07.09.2024 6.30 w 30 dzie\u0144 po \u015bmierci [z intencji siostry z m\u0119\u017cem] Termin zostanie ustalony 3. od kuzynek Marii i Krystyny Termin zostanie ustalony 4. od firmy DOMER (dla drogiej Aureli) Termin zostanie ustalony 5. od kuzynki&#8230;<\/p>\n","protected":false},"author":3,"featured_media":188,"comment_status":"closed","ping_status":"closed","sticky":false,"template":"","format":"standard","meta":{"footnotes":""},"categories":[6],"tags":[],"class_list":["post-5013","post","type-post","status-publish","format-standard","has-post-thumbnail","hentry","category-intencje_pogrzebowe"],"_links":{"self":[{"href":"https:\/\/bobolagorlice.pl\/index.php\/wp-json\/wp\/v2\/posts\/5013","targetHints":{"allow":["GET"]}}],"collection":[{"href":"https:\/\/bobolagorlice.pl\/index.php\/wp-json\/wp\/v2\/posts"}],"about":[{"href":"https:\/\/bobolagorlice.pl\/index.php\/wp-json\/wp\/v2\/types\/post"}],"author":[{"embeddable":true,"href":"https:\/\/bobolagorlice.pl\/index.php\/wp-json\/wp\/v2\/users\/3"}],"replies":[{"embeddable":true,"href":"https:\/\/bobolagorlice.pl\/index.php\/wp-json\/wp\/v2\/comments?post=5013"}],"version-history":[{"count":2,"href":"https:\/\/bobolagorlice.pl\/index.php\/wp-json\/wp\/v2\/posts\/5013\/revisions"}],"predecessor-version":[{"id":5016,"href":"https:\/\/bobolagorlice.pl\/index.php\/wp-json\/wp\/v2\/posts\/5013\/revisions\/5016"}],"wp:featuredmedia":[{"embeddable":true,"href":"https:\/\/bobolagorlice.pl\/index.php\/wp-json\/wp\/v2\/media\/188"}],"wp:attachment":[{"href":"https:\/\/bobolagorlice.pl\/index.php\/wp-json\/wp\/v2\/media?parent=5013"}],"wp:term":[{"taxonomy":"category","embeddable":true,"href":"https:\/\/bobolagorlice.pl\/index.php\/wp-json\/wp\/v2\/categories?post=5013"},{"taxonomy":"post_tag","embeddable":true,"href":"https:\/\/bobolagorlice.pl\/index.php\/wp-json\/wp\/v2\/tags?post=5013"}],"curies":[{"name":"wp","href":"https:\/\/api.w.org\/{rel}","templated":true}]}}