{"id":534,"date":"2021-03-10T16:58:53","date_gmt":"2021-03-10T15:58:53","guid":{"rendered":"https:\/\/bobolagorlice.pl\/?p=534"},"modified":"2022-06-28T18:06:08","modified_gmt":"2022-06-28T16:06:08","slug":"jan-klapacz","status":"publish","type":"post","link":"https:\/\/bobolagorlice.pl\/index.php\/2021\/03\/10\/jan-klapacz\/","title":{"rendered":"\u2020JAN K\u0141APACZ"},"content":{"rendered":"\n<p><strong>2021\/6<\/strong>; pogrzeb: 05.03.2021 <\/p>\n\n\n\n<figure class=\"wp-block-table\"><table><tbody><tr><td class=\"has-text-align-center\" data-align=\"center\"><strong><em>data<\/em><\/strong><\/td><td class=\"has-text-align-center\" data-align=\"center\"><strong><em>godz.<\/em><\/strong><\/td><td><strong><em>ofiarodawcy \/ intencja<\/em><\/strong><\/td><\/tr><tr><td class=\"has-text-align-center\" data-align=\"center\">10.03.2021<\/td><td class=\"has-text-align-center\" data-align=\"center\">6.30<\/td><td>w <strong>7 dzie\u0144<\/strong> po \u015bmierci<\/td><\/tr><tr><td class=\"has-text-align-center\" data-align=\"center\">03.04.2021<\/td><td class=\"has-text-align-center\" data-align=\"center\">19.00<\/td><td>w <strong>30 dzie\u0144<\/strong> po \u015bmierci<\/td><\/tr><tr><td class=\"has-text-align-center\" data-align=\"center\">26.04.2022<\/td><td class=\"has-text-align-center\" data-align=\"center\">6.30<\/td><td>od synowej Beaty z rodzin\u0105&nbsp;<\/td><\/tr><tr><td class=\"has-text-align-center\" data-align=\"center\">27.04.2022<\/td><td class=\"has-text-align-center\" data-align=\"center\">6.30<\/td><td>od siostry Cecylii&nbsp;<\/td><\/tr><tr><td class=\"has-text-align-center\" data-align=\"center\">28.04.2022<\/td><td class=\"has-text-align-center\" data-align=\"center\">6.30<\/td><td>od chrze\u015bnicy Marty z rodzin\u0105<\/td><\/tr><tr><td class=\"has-text-align-center\" data-align=\"center\">29.04.2022<\/td><td class=\"has-text-align-center\" data-align=\"center\">18.00<\/td><td>od brata Franciszka<\/td><\/tr><tr><td class=\"has-text-align-center\" data-align=\"center\">30.04.2022<\/td><td class=\"has-text-align-center\" data-align=\"center\">6.30<\/td><td>od bratanka Edwarda z rodzin\u0105<\/td><\/tr><tr><td class=\"has-text-align-center\" data-align=\"center\">02.05.2022<\/td><td class=\"has-text-align-center\" data-align=\"center\">6.30<\/td><td>od s\u0105siad\u00f3w z klatki<\/td><\/tr><tr><td class=\"has-text-align-center\" data-align=\"center\">04.05.2022<\/td><td class=\"has-text-align-center\" data-align=\"center\">6.30<\/td><td>od bratanka Krzysztofa z rodzin\u0105<\/td><\/tr><tr><td class=\"has-text-align-center\" data-align=\"center\">05.05.2022<\/td><td class=\"has-text-align-center\" data-align=\"center\">6.30<\/td><td>od bratanicy Marii z rodzin\u0105 (doda\u0107 : +<strong>Maria<\/strong> K\u0141APACZ)<\/td><\/tr><tr><td class=\"has-text-align-center\" data-align=\"center\">10.05.2022<\/td><td class=\"has-text-align-center\" data-align=\"center\">6.30<\/td><td>od uczestnik\u00f3w pogrzebu&nbsp;<\/td><\/tr><tr><td class=\"has-text-align-center\" data-align=\"center\">11.05.2022<\/td><td class=\"has-text-align-center\" data-align=\"center\">6.30<\/td><td>od uczestnik\u00f3w pogrzebu&nbsp;<\/td><\/tr><tr><td class=\"has-text-align-center\" data-align=\"center\"><strong>poza parafi\u0105<\/strong><\/td><td class=\"has-text-align-center\" data-align=\"center\"><strong>ks. Krzysztof&nbsp;<\/strong><\/td><td>od Zenona K\u0141APACZA<\/td><\/tr><tr><td class=\"has-text-align-center\" data-align=\"center\"><strong>poza parafi\u0105<\/strong><\/td><td class=\"has-text-align-center\" data-align=\"center\"> <strong>ks. Krzysztof<\/strong> <strong>&nbsp;<\/strong><\/td><td>od Barbary i Henryka SKALNI<\/td><\/tr><tr><td class=\"has-text-align-center\" data-align=\"center\"><strong>poza parafi\u0105<\/strong><\/td><td class=\"has-text-align-center\" data-align=\"center\"><strong>&nbsp;<\/strong> <strong>ks. Krzysztof<\/strong> <\/td><td>od dzia\u0142kowicz\u00f3w<\/td><\/tr><tr><td class=\"has-text-align-center\" data-align=\"center\"><strong>poza parafi\u0105<\/strong><\/td><td class=\"has-text-align-center\" data-align=\"center\">&nbsp; <strong>ks. Krzysztof<\/strong> <\/td><td>od dzia\u0142kowicz\u00f3w<\/td><\/tr><tr><td class=\"has-text-align-center\" data-align=\"center\"><strong>poza parafi\u0105<\/strong><\/td><td class=\"has-text-align-center\" data-align=\"center\">&nbsp; <strong>ks. Krzysztof<\/strong> <\/td><td>od TOKARZOWEJ z rodzin\u0105&nbsp;<\/td><\/tr><tr><td class=\"has-text-align-center\" data-align=\"center\"><strong>poza parafi\u0105<\/strong><\/td><td class=\"has-text-align-center\" data-align=\"center\">&nbsp; <strong>ks. Proboszcz <\/strong>  <\/td><td>od uczestnik\u00f3w pogrzebu&nbsp;<\/td><\/tr><tr><td class=\"has-text-align-center\" data-align=\"center\"><strong>poza parafi\u0105<\/strong><\/td><td class=\"has-text-align-center\" data-align=\"center\">&nbsp;  <strong>ks. Proboszcz <\/strong> <\/td><td>od uczestnik\u00f3w pogrzebu<\/td><\/tr><\/tbody><\/table><\/figure>\n","protected":false},"excerpt":{"rendered":"<p>2021\/6; pogrzeb: 05.03.2021 data godz. ofiarodawcy \/ intencja 10.03.2021 6.30 w 7 dzie\u0144 po \u015bmierci 03.04.2021 19.00 w 30 dzie\u0144 po \u015bmierci 26.04.2022 6.30 od synowej Beaty z rodzin\u0105&nbsp; 27.04.2022 6.30 od siostry Cecylii&nbsp; 28.04.2022 6.30 od chrze\u015bnicy Marty z rodzin\u0105 29.04.2022 18.00 od brata Franciszka 30.04.2022 6.30 od bratanka Edwarda z rodzin\u0105 02.05.2022 6.30&#8230;<\/p>\n","protected":false},"author":1,"featured_media":188,"comment_status":"closed","ping_status":"","sticky":false,"template":"","format":"standard","meta":{"footnotes":""},"categories":[6],"tags":[],"class_list":["post-534","post","type-post","status-publish","format-standard","has-post-thumbnail","hentry","category-intencje_pogrzebowe"],"_links":{"self":[{"href":"https:\/\/bobolagorlice.pl\/index.php\/wp-json\/wp\/v2\/posts\/534","targetHints":{"allow":["GET"]}}],"collection":[{"href":"https:\/\/bobolagorlice.pl\/index.php\/wp-json\/wp\/v2\/posts"}],"about":[{"href":"https:\/\/bobolagorlice.pl\/index.php\/wp-json\/wp\/v2\/types\/post"}],"author":[{"embeddable":true,"href":"https:\/\/bobolagorlice.pl\/index.php\/wp-json\/wp\/v2\/users\/1"}],"replies":[{"embeddable":true,"href":"https:\/\/bobolagorlice.pl\/index.php\/wp-json\/wp\/v2\/comments?post=534"}],"version-history":[{"count":7,"href":"https:\/\/bobolagorlice.pl\/index.php\/wp-json\/wp\/v2\/posts\/534\/revisions"}],"predecessor-version":[{"id":2450,"href":"https:\/\/bobolagorlice.pl\/index.php\/wp-json\/wp\/v2\/posts\/534\/revisions\/2450"}],"wp:featuredmedia":[{"embeddable":true,"href":"https:\/\/bobolagorlice.pl\/index.php\/wp-json\/wp\/v2\/media\/188"}],"wp:attachment":[{"href":"https:\/\/bobolagorlice.pl\/index.php\/wp-json\/wp\/v2\/media?parent=534"}],"wp:term":[{"taxonomy":"category","embeddable":true,"href":"https:\/\/bobolagorlice.pl\/index.php\/wp-json\/wp\/v2\/categories?post=534"},{"taxonomy":"post_tag","embeddable":true,"href":"https:\/\/bobolagorlice.pl\/index.php\/wp-json\/wp\/v2\/tags?post=534"}],"curies":[{"name":"wp","href":"https:\/\/api.w.org\/{rel}","templated":true}]}}