{"id":6380,"date":"2026-01-20T11:37:42","date_gmt":"2026-01-20T10:37:42","guid":{"rendered":"https:\/\/bobolagorlice.pl\/?p=6380"},"modified":"2026-01-20T11:37:54","modified_gmt":"2026-01-20T10:37:54","slug":"edward-krok","status":"publish","type":"post","link":"https:\/\/bobolagorlice.pl\/index.php\/2026\/01\/20\/edward-krok\/","title":{"rendered":"\u2020Edward KROK"},"content":{"rendered":"\n<p><strong>2026\/2 <\/strong>pogrzeb: 14.01.2026<\/p>\n\n\n\n<figure class=\"wp-block-table\"><table class=\"has-fixed-layout\"><tbody><tr><td class=\"has-text-align-center\" data-align=\"center\"><strong><em>data<\/em><\/strong><\/td><td class=\"has-text-align-center\" data-align=\"center\"><strong><em>godz.<\/em><\/strong><\/td><td><strong><em>ofiarodawcy\/intencja<\/em><\/strong><\/td><\/tr><tr><td class=\"has-text-align-center\" data-align=\"center\"><strong>18.01.2026<\/strong><\/td><td class=\"has-text-align-center\" data-align=\"center\"><strong>9.30<\/strong><\/td><td>w <strong>7 dzie\u0144<\/strong> po \u015bmierci [<strong><em>od \u017cony<\/em><\/strong>]<\/td><\/tr><tr><td class=\"has-text-align-center\" data-align=\"center\"><strong>10.02.2026<\/strong><\/td><td class=\"has-text-align-center\" data-align=\"center\"><strong>6.30<\/strong><\/td><td>w <strong>30 <\/strong>dzie\u0144 po \u015bmierci [<strong><em>od dzieci i wnuk\u00f3w<\/em><\/strong>]<\/td><\/tr><tr><td class=\"has-text-align-center\" data-align=\"center\"><strong>11.01.2027<\/strong><\/td><td class=\"has-text-align-center\" data-align=\"center\"><strong>18.00<\/strong><\/td><td>W <strong>1 rocznic\u0119<\/strong> \u015bmierci [<strong><em>od uczestnik\u00f3w pogrzebu<\/em><\/strong>]<\/td><\/tr><tr><td class=\"has-text-align-center\" data-align=\"center\"><strong>Termin zostanie ustalony<\/strong><\/td><td class=\"has-text-align-center\" data-align=\"center\"><strong>4.<\/strong><\/td><td>Od c\u00f3rki Anny z rodzin\u0105<\/td><\/tr><tr><td class=\"has-text-align-center\" data-align=\"center\"><strong>Termin zostanie ustalony<\/strong><\/td><td class=\"has-text-align-center\" data-align=\"center\"><strong>5.<\/strong><\/td><td>Od c\u00f3rki Ma\u0142gorzaty<\/td><\/tr><tr><td class=\"has-text-align-center\" data-align=\"center\"><strong>Termin zostanie ustalony<\/strong><\/td><td class=\"has-text-align-center\" data-align=\"center\"><strong>6.<\/strong><\/td><td>od syna Mariusza i synowej Moniki<\/td><\/tr><tr><td class=\"has-text-align-center\" data-align=\"center\"><strong>Termin zostanie ustalony<\/strong><\/td><td class=\"has-text-align-center\" data-align=\"center\"><strong>7.<\/strong><\/td><td>od \u017cony<\/td><\/tr><tr><td class=\"has-text-align-center\" data-align=\"center\"><strong>Termin zostanie ustalony<\/strong><\/td><td class=\"has-text-align-center\" data-align=\"center\"><strong>8.<\/strong><\/td><td>Od wnuczki Dominiki<\/td><\/tr><tr><td class=\"has-text-align-center\" data-align=\"center\"><strong>Termin zostanie ustalony<\/strong><\/td><td class=\"has-text-align-center\" data-align=\"center\"><strong>9.<\/strong><\/td><td>Od wnuczki Karoliny z rodzin\u0105<\/td><\/tr><tr><td class=\"has-text-align-center\" data-align=\"center\"><strong>Termin zostanie ustalony<\/strong><\/td><td class=\"has-text-align-center\" data-align=\"center\"><strong>10.<\/strong><\/td><td>Od rodziny CH\u0141AND\u00d3W<\/td><\/tr><tr><td class=\"has-text-align-center\" data-align=\"center\"><strong>poza<\/strong> <strong>&nbsp;parafi\u0105<\/strong><\/td><td class=\"has-text-align-center\" data-align=\"center\"><strong>&nbsp;<\/strong><\/td><td>Od wnuczki Karoliny z rodzin\u0105<\/td><\/tr><tr><td class=\"has-text-align-center\" data-align=\"center\"><strong>poza<\/strong> <strong>&nbsp;parafi\u0105<\/strong><\/td><td class=\"has-text-align-center\" data-align=\"center\"><strong>&nbsp;<\/strong><\/td><td>Od Danieli JUSZCZAK<\/td><\/tr><tr><td class=\"has-text-align-center\" data-align=\"center\"><strong>poza<\/strong> <strong>&nbsp;parafi\u0105<\/strong><\/td><td class=\"has-text-align-center\" data-align=\"center\"><strong>&nbsp;<\/strong><\/td><td>Od Ewy RUSIN z rodzin\u0105<\/td><\/tr><tr><td class=\"has-text-align-center\" data-align=\"center\"><strong>poza<\/strong> <strong>parafi\u0105<\/strong><\/td><td class=\"has-text-align-center\" data-align=\"center\"><strong>&nbsp;<\/strong><\/td><td>Od rodziny SZCZEPANIK\u00d3W<\/td><\/tr><tr><td class=\"has-text-align-center\" data-align=\"center\"><strong>poza<\/strong> <strong>parafi\u0105<\/strong><\/td><td class=\"has-text-align-center\" data-align=\"center\"><strong>&nbsp;<\/strong><\/td><td>Od Wies\u0142awy z rodzin\u0105<\/td><\/tr><tr><td class=\"has-text-align-center\" data-align=\"center\"><strong>poza<\/strong> <strong>parafi\u0105<\/strong><\/td><td class=\"has-text-align-center\" data-align=\"center\"><strong>&nbsp;<\/strong><\/td><td>Od rodziny FYD\u00d3W<\/td><\/tr><tr><td class=\"has-text-align-center\" data-align=\"center\"><strong>poza<\/strong> <strong>parafi\u0105<\/strong><\/td><td class=\"has-text-align-center\" data-align=\"center\"><strong>&nbsp;<\/strong><\/td><td>Od rodziny GAJD\u00d3W<\/td><\/tr><tr><td class=\"has-text-align-center\" data-align=\"center\"><strong>poza<\/strong> <strong>parafi\u0105<\/strong><\/td><td class=\"has-text-align-center\" data-align=\"center\"><strong>&nbsp;<\/strong><\/td><td>Od firmy pogrzebowej \u201eSMUTEK\u201d<\/td><\/tr><tr><td class=\"has-text-align-center\" data-align=\"center\"><strong>poza<\/strong> <strong>parafi\u0105<\/strong><\/td><td class=\"has-text-align-center\" data-align=\"center\"><strong>&nbsp;<\/strong><\/td><td>Od Magdaleny MIGACZ z rodzin\u0105<\/td><\/tr><tr><td class=\"has-text-align-center\" data-align=\"center\"><strong>poza<\/strong> <strong>parafi\u0105<\/strong><\/td><td class=\"has-text-align-center\" data-align=\"center\"><strong>&nbsp;<\/strong><\/td><td>Od s\u0105siad\u00f3w z bloku z ul. Kopernika<\/td><\/tr><tr><td class=\"has-text-align-center\" data-align=\"center\"><strong>poza<\/strong> <strong>parafi\u0105<\/strong><\/td><td class=\"has-text-align-center\" data-align=\"center\"><strong>&nbsp;<\/strong><\/td><td>Od s\u0105siad\u00f3w z bloku z ul. Kopernika<\/td><\/tr><tr><td class=\"has-text-align-center\" data-align=\"center\"><strong>poza<\/strong> <strong>parafi\u0105<\/strong><\/td><td class=\"has-text-align-center\" data-align=\"center\"><strong>&nbsp;<\/strong><\/td><td>Od s\u0105siad\u00f3w z bloku z ul. Kopernika<\/td><\/tr><tr><td class=\"has-text-align-center\" data-align=\"center\"><strong>poza<\/strong> <strong>parafi\u0105<\/strong><\/td><td class=\"has-text-align-center\" data-align=\"center\"><strong>&nbsp;<\/strong><\/td><td>Od s\u0105siad\u00f3w z bloku z ul. Kopernika<\/td><\/tr><tr><td class=\"has-text-align-center\" data-align=\"center\"><strong>poza<\/strong> <strong>parafi\u0105<\/strong><\/td><td class=\"has-text-align-center\" data-align=\"center\"><strong>&nbsp;<\/strong><\/td><td>Od s\u0105siad\u00f3w z bloku z ul. Kopernika 3.<\/td><\/tr><tr><td class=\"has-text-align-center\" data-align=\"center\"><strong>poza<\/strong> <strong>parafi\u0105<\/strong><\/td><td class=\"has-text-align-center\" data-align=\"center\"><strong>&nbsp;<\/strong><\/td><td>Od rodziny OPIEKUN\u00d3W<\/td><\/tr><tr><td class=\"has-text-align-center\" data-align=\"center\"><strong>poza<\/strong> <strong>parafi\u0105<\/strong><\/td><td class=\"has-text-align-center\" data-align=\"center\"><strong>&nbsp;<\/strong><\/td><td>Od rodziny PRZYS\u0141AWSKICH<\/td><\/tr><tr><td class=\"has-text-align-center\" data-align=\"center\"><strong>poza<\/strong> <strong>parafi\u0105<\/strong><\/td><td class=\"has-text-align-center\" data-align=\"center\"><strong>&nbsp;<\/strong><\/td><td>Od El\u017cbiety SAKOWSKIEJ<\/td><\/tr><tr><td class=\"has-text-align-center\" data-align=\"center\"><strong>poza<\/strong> <strong>parafi\u0105<\/strong><\/td><td class=\"has-text-align-center\" data-align=\"center\"><strong>&nbsp;<\/strong><\/td><td>Od siostry Franciszki ZAG\u00d3RSKIEJ<\/td><\/tr><tr><td class=\"has-text-align-center\" data-align=\"center\"><strong>poza<\/strong> <strong>parafi\u0105<\/strong><\/td><td class=\"has-text-align-center\" data-align=\"center\"><strong>&nbsp;<\/strong><\/td><td>Od siostrzenicy Marioli MOTYKA z rodzin\u0105<\/td><\/tr><tr><td class=\"has-text-align-center\" data-align=\"center\"><strong>poza<\/strong> <strong>parafi\u0105<\/strong><\/td><td class=\"has-text-align-center\" data-align=\"center\"><strong>&nbsp;<\/strong><\/td><td>Od siostrzenicy Danuty OBRZUT z rodzin\u0105<\/td><\/tr><tr><td class=\"has-text-align-center\" data-align=\"center\"><strong>poza<\/strong> <strong>parafi\u0105<\/strong><\/td><td class=\"has-text-align-center\" data-align=\"center\"><strong>&nbsp;<\/strong><\/td><td>Od Ma\u0142gorzaty SZUMNA z rodzin\u0105 z Mielca<\/td><\/tr><tr><td class=\"has-text-align-center\" data-align=\"center\"><strong>poza<\/strong> <strong>parafi\u0105<\/strong><\/td><td class=\"has-text-align-center\" data-align=\"center\"><strong>&nbsp;<\/strong><\/td><td>Z intencji Iwony JAB\u0141O\u0143SKIEJ z rodzin\u0105<\/td><\/tr><tr><td class=\"has-text-align-center\" data-align=\"center\"><strong>poza<\/strong> <strong>parafi\u0105<\/strong><\/td><td class=\"has-text-align-center\" data-align=\"center\"><strong>&nbsp;<\/strong><\/td><td>Z intencji Iwony JAB\u0141O\u0143SKIEJ z rodzin\u0105<\/td><\/tr><tr><td class=\"has-text-align-center\" data-align=\"center\"><strong>poza<\/strong> <strong>parafi\u0105<\/strong><\/td><td class=\"has-text-align-center\" data-align=\"center\"><strong>&nbsp;<\/strong><\/td><td>Z intencji siostry Zofii KAWA<\/td><\/tr><tr><td class=\"has-text-align-center\" data-align=\"center\"><strong>poza<\/strong> <strong>parafi\u0105<\/strong><\/td><td class=\"has-text-align-center\" data-align=\"center\"><strong>&nbsp;<\/strong><\/td><td>Z intencji siostry Zofii KAWA<\/td><\/tr><tr><td class=\"has-text-align-center\" data-align=\"center\"><strong>poza<\/strong> <strong>parafi\u0105<\/strong><\/td><td class=\"has-text-align-center\" data-align=\"center\"><strong>&nbsp;<\/strong><\/td><td>Z intencji chrze\u015bniaka Krzysztofa KAWA z rodzin\u0105 z Wilczysk<\/td><\/tr><tr><td class=\"has-text-align-center\" data-align=\"center\"><strong>poza<\/strong> <strong>parafi\u0105<\/strong><\/td><td class=\"has-text-align-center\" data-align=\"center\"><strong>&nbsp;<\/strong><\/td><td>Z intencji chrze\u015bniaka Krzysztofa KAWA z rodzin\u0105 z Wilczysk<\/td><\/tr><tr><td class=\"has-text-align-center\" data-align=\"center\"><strong>poza<\/strong> <strong>parafi\u0105<\/strong><\/td><td class=\"has-text-align-center\" data-align=\"center\"><strong>&nbsp;<\/strong><\/td><td>Od swatowej Anny z S\u0119kowej z synem<\/td><\/tr><tr><td class=\"has-text-align-center\" data-align=\"center\"><strong>poza<\/strong> <strong>parafi\u0105<\/strong><\/td><td class=\"has-text-align-center\" data-align=\"center\"><strong>&nbsp;<\/strong><\/td><td>Od Justyny i Roberta \u015aWIERZ<\/td><\/tr><tr><td class=\"has-text-align-center\" data-align=\"center\"><strong>poza<\/strong> <strong>parafi\u0105<\/strong><\/td><td class=\"has-text-align-center\" data-align=\"center\"><strong>&nbsp;<\/strong><\/td><td>Z intencji rodziny KULPA z Ja\u015blan<\/td><\/tr><tr><td class=\"has-text-align-center\" data-align=\"center\"><strong>poza<\/strong> <strong>parafi\u0105<\/strong><\/td><td class=\"has-text-align-center\" data-align=\"center\"><strong>&nbsp;<\/strong><\/td><td>Od Agaty i Zygmunta NAPIERACZ z rodzin\u0105<\/td><\/tr><tr><td class=\"has-text-align-center\" data-align=\"center\"><strong>poza<\/strong> <strong>parafi\u0105<\/strong><\/td><td class=\"has-text-align-center\" data-align=\"center\"><strong>&nbsp;<\/strong><\/td><td>Od Krzysztofa KAMUDY z Mielca<\/td><\/tr><tr><td class=\"has-text-align-center\" data-align=\"center\"><strong>poza<\/strong> <strong>parafi\u0105<\/strong><\/td><td class=\"has-text-align-center\" data-align=\"center\"><strong>&nbsp;<\/strong><\/td><td>Od Krzysztofa KAMUDY z Mielca<\/td><\/tr><tr><td class=\"has-text-align-center\" data-align=\"center\"><strong>poza<\/strong> <strong>parafi\u0105<\/strong><\/td><td class=\"has-text-align-center\" data-align=\"center\"><strong>&nbsp;<\/strong><\/td><td>Od Gra\u017cyny CYBULSKIEJ z rodzin\u0105 z Mielca<\/td><\/tr><tr><td class=\"has-text-align-center\" data-align=\"center\"><strong>poza<\/strong> <strong>parafi\u0105<\/strong><\/td><td class=\"has-text-align-center\" data-align=\"center\"><strong>&nbsp;<\/strong><\/td><td>Od Magdaleny i Paw\u0142a NIKIEL<\/td><\/tr><tr><td class=\"has-text-align-center\" data-align=\"center\"><strong>poza<\/strong> <strong>parafi\u0105<\/strong><\/td><td class=\"has-text-align-center\" data-align=\"center\"><strong>&nbsp;<\/strong><\/td><td>Od Marty i Grzegorza CHRYPLIWY<\/td><\/tr><tr><td class=\"has-text-align-center\" data-align=\"center\"><strong>poza<\/strong> <strong>parafi\u0105<\/strong><\/td><td class=\"has-text-align-center\" data-align=\"center\"><strong>&nbsp;<\/strong><\/td><td>Od rodziny DOBK\u00d3W z Moszczenicy<\/td><\/tr><tr><td class=\"has-text-align-center\" data-align=\"center\"><strong>poza<\/strong> <strong>parafi\u0105<\/strong><\/td><td class=\"has-text-align-center\" data-align=\"center\"><strong>&nbsp;<\/strong><\/td><td>Z intencji Longina DOBKA z rodzin\u0105<\/td><\/tr><tr><td class=\"has-text-align-center\" data-align=\"center\"><strong>poza<\/strong> <strong>parafi\u0105<\/strong><\/td><td class=\"has-text-align-center\" data-align=\"center\"><strong>&nbsp;<\/strong><\/td><td>Od Katarzyny HALS i Dariusza DUBIEL<\/td><\/tr><tr><td class=\"has-text-align-center\" data-align=\"center\"><strong>poza<\/strong> <strong>parafi\u0105<\/strong><\/td><td class=\"has-text-align-center\" data-align=\"center\"><strong>&nbsp;<\/strong><\/td><td>Od Marzeny i Piotra HALS\u00d3W<\/td><\/tr><tr><td class=\"has-text-align-center\" data-align=\"center\"><strong>poza<\/strong> <strong>parafi\u0105<\/strong><\/td><td class=\"has-text-align-center\" data-align=\"center\"><strong>&nbsp;<\/strong><\/td><td>Od Zofii PIECHOWICZ z dzie\u0107mi<\/td><\/tr><tr><td class=\"has-text-align-center\" data-align=\"center\"><strong>poza<\/strong> <strong>parafi\u0105<\/strong><\/td><td class=\"has-text-align-center\" data-align=\"center\"><strong>&nbsp;<\/strong><\/td><td>Od Wojciecha KOSZYK z rodzin\u0105<\/td><\/tr><tr><td class=\"has-text-align-center\" data-align=\"center\"><strong>poza<\/strong> <strong>parafi\u0105<\/strong><\/td><td class=\"has-text-align-center\" data-align=\"center\"><strong>&nbsp;<\/strong><\/td><td>Od siostrze\u0144ca Grzegorza ZAG\u00d3RSKIEGO z rodzin\u0105<\/td><\/tr><tr><td class=\"has-text-align-center\" data-align=\"center\"><strong>poza<\/strong> <strong>parafi\u0105<\/strong><\/td><td class=\"has-text-align-center\" data-align=\"center\"><strong>&nbsp;<\/strong><\/td><td>Od Huberta BE\u0141DA z rodzin\u0105<\/td><\/tr><tr><td class=\"has-text-align-center\" data-align=\"center\"><strong>poza<\/strong> <strong>parafi\u0105<\/strong><\/td><td class=\"has-text-align-center\" data-align=\"center\"><strong>&nbsp;<\/strong><\/td><td>Od Artura BE\u0141DA z mam\u0105<\/td><\/tr><tr><td class=\"has-text-align-center\" data-align=\"center\"><strong>poza<\/strong> <strong>parafi\u0105<\/strong><\/td><td class=\"has-text-align-center\" data-align=\"center\"><strong>&nbsp;<\/strong><\/td><td>Od Agaty i Stanis\u0142awa TUREK<\/td><\/tr><tr><td class=\"has-text-align-center\" data-align=\"center\"><strong>poza<\/strong> <strong>parafi\u0105<\/strong><\/td><td class=\"has-text-align-center\" data-align=\"center\"><strong>&nbsp;<\/strong><\/td><td>Od Teresy i Edwarda PABISZ<\/td><\/tr><tr><td class=\"has-text-align-center\" data-align=\"center\"><strong>poza<\/strong> <strong>parafi\u0105<\/strong><\/td><td class=\"has-text-align-center\" data-align=\"center\"><strong>&nbsp;<\/strong><\/td><td>Z intencji kolegi c\u00f3rki Anny, Marcina z Weronik\u0105<\/td><\/tr><tr><td class=\"has-text-align-center\" data-align=\"center\"><strong>poza<\/strong> <strong>parafi\u0105<\/strong><\/td><td class=\"has-text-align-center\" data-align=\"center\"><strong>&nbsp;<\/strong><\/td><td>Od rodziny MOTYK\u00d3W ze Zborowic<\/td><\/tr><tr><td class=\"has-text-align-center\" data-align=\"center\"><strong>poza<\/strong> <strong>parafi\u0105<\/strong><\/td><td class=\"has-text-align-center\" data-align=\"center\"><strong>&nbsp;<\/strong><\/td><td>Od swatowej Anny GNAP<\/td><\/tr><tr><td class=\"has-text-align-center\" data-align=\"center\"><strong>poza<\/strong> <strong>parafi\u0105<\/strong><\/td><td class=\"has-text-align-center\" data-align=\"center\"><strong>&nbsp;<\/strong><\/td><td>Od Adeli i Krzysztofa GNAP<\/td><\/tr><tr><td class=\"has-text-align-center\" data-align=\"center\"><strong>poza<\/strong> <strong>parafi\u0105<\/strong><\/td><td class=\"has-text-align-center\" data-align=\"center\"><strong>&nbsp;<\/strong><\/td><td>Od El\u017cbiety i Jerzego GIERLA<\/td><\/tr><tr><td class=\"has-text-align-center\" data-align=\"center\"><strong>poza<\/strong> <strong>parafi\u0105<\/strong><\/td><td class=\"has-text-align-center\" data-align=\"center\"><strong>&nbsp;<\/strong><\/td><td>Od Kazimierza MARTUSZEWSKIEGO z rodzina z Wilczysk<\/td><\/tr><tr><td class=\"has-text-align-center\" data-align=\"center\"><strong>poza<\/strong> <strong>parafi\u0105<\/strong><\/td><td class=\"has-text-align-center\" data-align=\"center\"><strong>&nbsp;<\/strong><\/td><td>Od Moniki WO\u0141KOWICZ<\/td><\/tr><tr><td class=\"has-text-align-center\" data-align=\"center\"><strong>poza<\/strong> <strong>parafi\u0105<\/strong><\/td><td class=\"has-text-align-center\" data-align=\"center\"><strong>&nbsp;<\/strong><\/td><td>Od rodziny JUSZCZAK\u00d3W<\/td><\/tr><tr><td class=\"has-text-align-center\" data-align=\"center\"><strong>poza<\/strong> <strong>parafi\u0105<\/strong><\/td><td class=\"has-text-align-center\" data-align=\"center\"><strong>&nbsp;<\/strong><\/td><td>Od uczestnik\u00f3w pogrzebu<\/td><\/tr><tr><td class=\"has-text-align-center\" data-align=\"center\"><strong>poza<\/strong> <strong>parafi\u0105<\/strong><\/td><td class=\"has-text-align-center\" data-align=\"center\"><strong>&nbsp;<\/strong><\/td><td>Od uczestnik\u00f3w pogrzebu<\/td><\/tr><tr><td class=\"has-text-align-center\" data-align=\"center\"><strong>poza<\/strong> <strong>parafi\u0105<\/strong><\/td><td class=\"has-text-align-center\" data-align=\"center\"><strong>&nbsp;<\/strong><\/td><td>Od uczestnik\u00f3w pogrzebu<\/td><\/tr><\/tbody><\/table><\/figure>\n","protected":false},"excerpt":{"rendered":"<p>2026\/2 pogrzeb: 14.01.2026 data godz. ofiarodawcy\/intencja 18.01.2026 9.30 w 7 dzie\u0144 po \u015bmierci [od \u017cony] 10.02.2026 6.30 w 30 dzie\u0144 po \u015bmierci [od dzieci i wnuk\u00f3w] 11.01.2027 18.00 W 1 rocznic\u0119 \u015bmierci [od uczestnik\u00f3w pogrzebu] Termin zostanie ustalony 4. Od c\u00f3rki Anny z rodzin\u0105 Termin zostanie ustalony 5. Od c\u00f3rki Ma\u0142gorzaty Termin zostanie ustalony 6&#8230;.<\/p>\n","protected":false},"author":3,"featured_media":188,"comment_status":"closed","ping_status":"closed","sticky":false,"template":"","format":"standard","meta":{"footnotes":""},"categories":[6],"tags":[],"class_list":["post-6380","post","type-post","status-publish","format-standard","has-post-thumbnail","hentry","category-intencje_pogrzebowe"],"_links":{"self":[{"href":"https:\/\/bobolagorlice.pl\/index.php\/wp-json\/wp\/v2\/posts\/6380","targetHints":{"allow":["GET"]}}],"collection":[{"href":"https:\/\/bobolagorlice.pl\/index.php\/wp-json\/wp\/v2\/posts"}],"about":[{"href":"https:\/\/bobolagorlice.pl\/index.php\/wp-json\/wp\/v2\/types\/post"}],"author":[{"embeddable":true,"href":"https:\/\/bobolagorlice.pl\/index.php\/wp-json\/wp\/v2\/users\/3"}],"replies":[{"embeddable":true,"href":"https:\/\/bobolagorlice.pl\/index.php\/wp-json\/wp\/v2\/comments?post=6380"}],"version-history":[{"count":1,"href":"https:\/\/bobolagorlice.pl\/index.php\/wp-json\/wp\/v2\/posts\/6380\/revisions"}],"predecessor-version":[{"id":6381,"href":"https:\/\/bobolagorlice.pl\/index.php\/wp-json\/wp\/v2\/posts\/6380\/revisions\/6381"}],"wp:featuredmedia":[{"embeddable":true,"href":"https:\/\/bobolagorlice.pl\/index.php\/wp-json\/wp\/v2\/media\/188"}],"wp:attachment":[{"href":"https:\/\/bobolagorlice.pl\/index.php\/wp-json\/wp\/v2\/media?parent=6380"}],"wp:term":[{"taxonomy":"category","embeddable":true,"href":"https:\/\/bobolagorlice.pl\/index.php\/wp-json\/wp\/v2\/categories?post=6380"},{"taxonomy":"post_tag","embeddable":true,"href":"https:\/\/bobolagorlice.pl\/index.php\/wp-json\/wp\/v2\/tags?post=6380"}],"curies":[{"name":"wp","href":"https:\/\/api.w.org\/{rel}","templated":true}]}}