{"id":677,"date":"2021-03-29T14:16:30","date_gmt":"2021-03-29T12:16:30","guid":{"rendered":"https:\/\/bobolagorlice.pl\/?p=677"},"modified":"2022-06-28T18:01:49","modified_gmt":"2022-06-28T16:01:49","slug":"danuta-raczkowska","status":"publish","type":"post","link":"https:\/\/bobolagorlice.pl\/index.php\/2021\/03\/29\/danuta-raczkowska\/","title":{"rendered":"\u2020DANUTA R\u0104CZKOWSKA"},"content":{"rendered":"\n<p><strong>2021\/8<\/strong>; pogrzeb: 22.03.2021 <\/p>\n\n\n\n<figure class=\"wp-block-table\"><table><tbody><tr><td class=\"has-text-align-center\" data-align=\"center\"><strong><em>data<\/em><\/strong><\/td><td class=\"has-text-align-center\" data-align=\"center\"><strong><em>godz.<\/em><\/strong><\/td><td><strong><em>ofiarodawcy \/ intencja<\/em><\/strong><\/td><\/tr><tr><td class=\"has-text-align-center\" data-align=\"center\">27.03.2021<\/td><td class=\"has-text-align-center\" data-align=\"center\">6.30<\/td><td>w <strong>7 dzie\u0144<\/strong> po \u015bmierci [<strong>od c\u00f3rki Beaty z m\u0119\u017cem<\/strong>]<\/td><\/tr><tr><td class=\"has-text-align-center\" data-align=\"center\">17.04.2021<\/td><td class=\"has-text-align-center\" data-align=\"center\">6.30<\/td><td>w <strong>30 dzie\u0144<\/strong> po \u015bmierci [<strong>od c\u00f3rki Beaty z m\u0119\u017cem<\/strong>]<\/td><\/tr><tr><td class=\"has-text-align-center\" data-align=\"center\">14.05.2022<\/td><td class=\"has-text-align-center\" data-align=\"center\">6.30<\/td><td>od wnuka Janka z \u017con\u0105<\/td><\/tr><tr><td class=\"has-text-align-center\" data-align=\"center\">11.05.2022<\/td><td class=\"has-text-align-center\" data-align=\"center\">18.00<\/td><td>od c\u00f3rki Agaty z m\u0119\u017cem Krzy\u015bkiem i Stefani\u0105<\/td><\/tr><tr><td class=\"has-text-align-center\" data-align=\"center\">12.05.2022<\/td><td class=\"has-text-align-center\" data-align=\"center\">18.00<\/td><td>od dyrekcji i pracownik\u00f3w Przychodni \u201e<em>UMAMED<\/em>\u201d<\/td><\/tr><tr><td class=\"has-text-align-center\" data-align=\"center\">17.05.2022<\/td><td class=\"has-text-align-center\" data-align=\"center\">6.30<\/td><td>z intencji pracownik\u00f3w oddzia\u0142u ginekologiczno-po\u0142o\u017cniczego<\/td><\/tr><tr><td class=\"has-text-align-center\" data-align=\"center\">19.05.2022<\/td><td class=\"has-text-align-center\" data-align=\"center\">6.30<\/td><td>od rodziny BEBAK\u00d3W z Korczyny<\/td><\/tr><tr><td class=\"has-text-align-center\" data-align=\"center\">20.05.2022<\/td><td class=\"has-text-align-center\" data-align=\"center\">6.30<\/td><td>od pracownik\u00f3w O\u015brodka Zdrowia w Korczynie<\/td><\/tr><tr><td class=\"has-text-align-center\" data-align=\"center\">23.05.2022<\/td><td class=\"has-text-align-center\" data-align=\"center\">6.30<\/td><td>od El\u017cbiety PASTERSKIEJ z rodzin\u0105<\/td><\/tr><tr><td class=\"has-text-align-center\" data-align=\"center\">24.05.2022<\/td><td class=\"has-text-align-center\" data-align=\"center\">6.30<\/td><td>od Agnieszki BAJOREK z rodzin\u0105<\/td><\/tr><tr><td class=\"has-text-align-center\" data-align=\"center\">25.05.2022<\/td><td class=\"has-text-align-center\" data-align=\"center\">18.00<\/td><td>od s\u0105siad\u00f3w z klatki<\/td><\/tr><tr><td class=\"has-text-align-center\" data-align=\"center\">21.05.2022<\/td><td class=\"has-text-align-center\" data-align=\"center\">18.00<\/td><td>od uczestnik\u00f3w pogrzebu<\/td><\/tr><tr><td class=\"has-text-align-center\" data-align=\"center\">ferie zimowe <br>2022<\/td><td class=\"has-text-align-center\" data-align=\"center\"><strong>&nbsp;ks. Proboszcz<\/strong><\/td><td>od Marii G\u00d3RATOWSKIEJ z m\u0119\u017cem<\/td><\/tr><tr><td class=\"has-text-align-center\" data-align=\"center\">ferie zimowe <br>2022<\/td><td class=\"has-text-align-center\" data-align=\"center\"><strong>&nbsp;<\/strong> <strong>ks. Proboszcz <\/strong><\/td><td>od rodziny SOWI\u0143SKICH<\/td><\/tr><tr><td class=\"has-text-align-center\" data-align=\"center\">ferie zimowe <br>2022<\/td><td class=\"has-text-align-center\" data-align=\"center\"><strong>&nbsp;<\/strong> <strong>ks. Proboszcz <\/strong> <\/td><td>od El\u017cbiety i Zbigniewa BAJORK\u00d3W<\/td><\/tr><tr><td class=\"has-text-align-center\" data-align=\"center\">ferie zimowe <br>2022<\/td><td class=\"has-text-align-center\" data-align=\"center\">&nbsp; <strong>ks. Proboszcz <\/strong> <\/td><td>od Ewy R\u0104CZKOWSKIEJ z rodzin\u0105<\/td><\/tr><tr><td class=\"has-text-align-center\" data-align=\"center\">ferie zimowe <br>2022<\/td><td class=\"has-text-align-center\" data-align=\"center\">&nbsp; <strong>ks. Proboszcz <\/strong> <\/td><td>od rodziny RYBCZYK\u00d3W z Siar<\/td><\/tr><tr><td class=\"has-text-align-center\" data-align=\"center\">ferie zimowe <br>2022<\/td><td class=\"has-text-align-center\" data-align=\"center\">&nbsp; <strong>ks. Proboszcz <\/strong> <\/td><td>od s\u0105siad\u00f3w z klatki<\/td><\/tr><tr><td class=\"has-text-align-center\" data-align=\"center\">ferie zimowe <br>2022<\/td><td class=\"has-text-align-center\" data-align=\"center\">&nbsp; <strong>ks. Proboszcz <\/strong> <\/td><td>od uczestnik\u00f3w pogrzebu <\/td><\/tr><\/tbody><\/table><\/figure>\n","protected":false},"excerpt":{"rendered":"<p>2021\/8; pogrzeb: 22.03.2021 data godz. ofiarodawcy \/ intencja 27.03.2021 6.30 w 7 dzie\u0144 po \u015bmierci [od c\u00f3rki Beaty z m\u0119\u017cem] 17.04.2021 6.30 w 30 dzie\u0144 po \u015bmierci [od c\u00f3rki Beaty z m\u0119\u017cem] 14.05.2022 6.30 od wnuka Janka z \u017con\u0105 11.05.2022 18.00 od c\u00f3rki Agaty z m\u0119\u017cem Krzy\u015bkiem i Stefani\u0105 12.05.2022 18.00 od dyrekcji i pracownik\u00f3w&#8230;<\/p>\n","protected":false},"author":3,"featured_media":188,"comment_status":"closed","ping_status":"","sticky":false,"template":"","format":"standard","meta":{"footnotes":""},"categories":[6],"tags":[],"class_list":["post-677","post","type-post","status-publish","format-standard","has-post-thumbnail","hentry","category-intencje_pogrzebowe"],"_links":{"self":[{"href":"https:\/\/bobolagorlice.pl\/index.php\/wp-json\/wp\/v2\/posts\/677","targetHints":{"allow":["GET"]}}],"collection":[{"href":"https:\/\/bobolagorlice.pl\/index.php\/wp-json\/wp\/v2\/posts"}],"about":[{"href":"https:\/\/bobolagorlice.pl\/index.php\/wp-json\/wp\/v2\/types\/post"}],"author":[{"embeddable":true,"href":"https:\/\/bobolagorlice.pl\/index.php\/wp-json\/wp\/v2\/users\/3"}],"replies":[{"embeddable":true,"href":"https:\/\/bobolagorlice.pl\/index.php\/wp-json\/wp\/v2\/comments?post=677"}],"version-history":[{"count":7,"href":"https:\/\/bobolagorlice.pl\/index.php\/wp-json\/wp\/v2\/posts\/677\/revisions"}],"predecessor-version":[{"id":2446,"href":"https:\/\/bobolagorlice.pl\/index.php\/wp-json\/wp\/v2\/posts\/677\/revisions\/2446"}],"wp:featuredmedia":[{"embeddable":true,"href":"https:\/\/bobolagorlice.pl\/index.php\/wp-json\/wp\/v2\/media\/188"}],"wp:attachment":[{"href":"https:\/\/bobolagorlice.pl\/index.php\/wp-json\/wp\/v2\/media?parent=677"}],"wp:term":[{"taxonomy":"category","embeddable":true,"href":"https:\/\/bobolagorlice.pl\/index.php\/wp-json\/wp\/v2\/categories?post=677"},{"taxonomy":"post_tag","embeddable":true,"href":"https:\/\/bobolagorlice.pl\/index.php\/wp-json\/wp\/v2\/tags?post=677"}],"curies":[{"name":"wp","href":"https:\/\/api.w.org\/{rel}","templated":true}]}}