{"id":683,"date":"2021-03-29T14:25:45","date_gmt":"2021-03-29T12:25:45","guid":{"rendered":"https:\/\/bobolagorlice.pl\/?p=683"},"modified":"2022-05-25T11:11:45","modified_gmt":"2022-05-25T09:11:45","slug":"halina-kus","status":"publish","type":"post","link":"https:\/\/bobolagorlice.pl\/index.php\/2021\/03\/29\/halina-kus\/","title":{"rendered":"\u2020HALINA KU\u015a"},"content":{"rendered":"\n<p><strong>2021\/9<\/strong>; pogrzeb: 25.03.2021 <\/p>\n\n\n\n<figure class=\"wp-block-table\"><table><tbody><tr><td class=\"has-text-align-center\" data-align=\"center\"><strong><em>data<\/em><\/strong><\/td><td class=\"has-text-align-center\" data-align=\"center\"><strong><em>godz.<\/em><\/strong><\/td><td><strong><em>ofiarodawcy \/ intencja<\/em><\/strong><\/td><\/tr><tr><td class=\"has-text-align-center\" data-align=\"center\">28.05.2022<\/td><td class=\"has-text-align-center\" data-align=\"center\">6.30<\/td><td>od s\u0105siad\u00f3w z ul. Kopernika 11.&nbsp;<\/td><\/tr><tr><td class=\"has-text-align-center\" data-align=\"center\">14.05.2022<\/td><td class=\"has-text-align-center\" data-align=\"center\">18.00<\/td><td>od s\u0105siad\u00f3w z ul. S\u0142onecznej 4, klatka IV.<\/td><\/tr><tr><td class=\"has-text-align-center\" data-align=\"center\">21.05.2022<\/td><td class=\"has-text-align-center\" data-align=\"center\">6.30<\/td><td>od s\u0105siad\u00f3w z ul. S\u0142onecznej 4, klatka IV.<\/td><\/tr><tr><td class=\"has-text-align-center\" data-align=\"center\">27.05.2022<\/td><td class=\"has-text-align-center\" data-align=\"center\">6.30<\/td><td>od uczestnik\u00f3w pogrzebu<\/td><\/tr><\/tbody><\/table><\/figure>\n","protected":false},"excerpt":{"rendered":"<p>2021\/9; pogrzeb: 25.03.2021 data godz. ofiarodawcy \/ intencja 28.05.2022 6.30 od s\u0105siad\u00f3w z ul. Kopernika 11.&nbsp; 14.05.2022 18.00 od s\u0105siad\u00f3w z ul. S\u0142onecznej 4, klatka IV. 21.05.2022 6.30 od s\u0105siad\u00f3w z ul. S\u0142onecznej 4, klatka IV. 27.05.2022 6.30 od uczestnik\u00f3w pogrzebu<\/p>\n","protected":false},"author":3,"featured_media":188,"comment_status":"closed","ping_status":"","sticky":false,"template":"","format":"standard","meta":{"footnotes":""},"categories":[6],"tags":[],"class_list":["post-683","post","type-post","status-publish","format-standard","has-post-thumbnail","hentry","category-intencje_pogrzebowe"],"_links":{"self":[{"href":"https:\/\/bobolagorlice.pl\/index.php\/wp-json\/wp\/v2\/posts\/683","targetHints":{"allow":["GET"]}}],"collection":[{"href":"https:\/\/bobolagorlice.pl\/index.php\/wp-json\/wp\/v2\/posts"}],"about":[{"href":"https:\/\/bobolagorlice.pl\/index.php\/wp-json\/wp\/v2\/types\/post"}],"author":[{"embeddable":true,"href":"https:\/\/bobolagorlice.pl\/index.php\/wp-json\/wp\/v2\/users\/3"}],"replies":[{"embeddable":true,"href":"https:\/\/bobolagorlice.pl\/index.php\/wp-json\/wp\/v2\/comments?post=683"}],"version-history":[{"count":3,"href":"https:\/\/bobolagorlice.pl\/index.php\/wp-json\/wp\/v2\/posts\/683\/revisions"}],"predecessor-version":[{"id":2299,"href":"https:\/\/bobolagorlice.pl\/index.php\/wp-json\/wp\/v2\/posts\/683\/revisions\/2299"}],"wp:featuredmedia":[{"embeddable":true,"href":"https:\/\/bobolagorlice.pl\/index.php\/wp-json\/wp\/v2\/media\/188"}],"wp:attachment":[{"href":"https:\/\/bobolagorlice.pl\/index.php\/wp-json\/wp\/v2\/media?parent=683"}],"wp:term":[{"taxonomy":"category","embeddable":true,"href":"https:\/\/bobolagorlice.pl\/index.php\/wp-json\/wp\/v2\/categories?post=683"},{"taxonomy":"post_tag","embeddable":true,"href":"https:\/\/bobolagorlice.pl\/index.php\/wp-json\/wp\/v2\/tags?post=683"}],"curies":[{"name":"wp","href":"https:\/\/api.w.org\/{rel}","templated":true}]}}