{"id":755,"date":"2021-04-07T15:30:33","date_gmt":"2021-04-07T13:30:33","guid":{"rendered":"https:\/\/bobolagorlice.pl\/?p=755"},"modified":"2022-10-04T11:35:58","modified_gmt":"2022-10-04T09:35:58","slug":"zofia-mordawska","status":"publish","type":"post","link":"https:\/\/bobolagorlice.pl\/index.php\/2021\/04\/07\/zofia-mordawska\/","title":{"rendered":"\u2020ZOFIA MORDAWSKA"},"content":{"rendered":"\n<p><strong>2021\/11<\/strong>; pogrzeb: 07.04.2021 <\/p>\n\n\n\n<figure class=\"wp-block-table\"><table><tbody><tr><td class=\"has-text-align-center\" data-align=\"center\"><strong><em>data<\/em><\/strong><\/td><td class=\"has-text-align-center\" data-align=\"center\"><strong><em>godz.<\/em><\/strong><\/td><td><strong><em>ofiarodawcy \/ intencja<\/em><\/strong><\/td><\/tr><tr><td class=\"has-text-align-center\" data-align=\"center\"><strong>10.04.2021<\/strong><\/td><td class=\"has-text-align-center\" data-align=\"center\"><strong>6.30<\/strong><\/td><td>w <strong>7 dzie\u0144<\/strong> po \u015bmierci<\/td><\/tr><tr><td class=\"has-text-align-center\" data-align=\"center\"><strong>03.05.2021<\/strong><\/td><td class=\"has-text-align-center\" data-align=\"center\"><strong>11.00<\/strong><\/td><td>w <strong>30 dzie\u0144<\/strong> po \u015bmierci<\/td><\/tr><tr><td class=\"has-text-align-center\" data-align=\"center\">04.09.2022<\/td><td class=\"has-text-align-center\" data-align=\"center\">6.30<\/td><td>od syna Zbigniewa z rodzin\u0105<\/td><\/tr><tr><td class=\"has-text-align-center\" data-align=\"center\">07.09.2022<\/td><td class=\"has-text-align-center\" data-align=\"center\">6.30<\/td><td>od c\u00f3rki Haliny<\/td><\/tr><tr><td class=\"has-text-align-center\" data-align=\"center\">08.09.2022<\/td><td class=\"has-text-align-center\" data-align=\"center\">6.30<\/td><td>od syna Mieczys\u0142awa z rodzin\u0105<\/td><\/tr><tr><td class=\"has-text-align-center\" data-align=\"center\">23.09.20226.30<\/td><td class=\"has-text-align-center\" data-align=\"center\">6.30<\/td><td>z intencji siostry Stanis\u0142awy<\/td><\/tr><tr><td class=\"has-text-align-center\" data-align=\"center\">27.09.2022<\/td><td class=\"has-text-align-center\" data-align=\"center\">6.30<\/td><td>od wnuczki Karoliny z Paw\u0142em<\/td><\/tr><tr><td class=\"has-text-align-center\" data-align=\"center\">28.09.2022<\/td><td class=\"has-text-align-center\" data-align=\"center\">6.30<\/td><td>od wnuczki Katarzyny<\/td><\/tr><tr><td class=\"has-text-align-center\" data-align=\"center\">30.09.2022<\/td><td class=\"has-text-align-center\" data-align=\"center\">6.30<\/td><td>od wnuczki Anety z rodzin\u0105<\/td><\/tr><tr><td class=\"has-text-align-center\" data-align=\"center\">04.10.2022<\/td><td class=\"has-text-align-center\" data-align=\"center\">6.30<\/td><td>od rodziny BURKOT\u00d3W<\/td><\/tr><tr><td class=\"has-text-align-center\" data-align=\"center\">05.10.2022<\/td><td class=\"has-text-align-center\" data-align=\"center\">6.30<\/td><td>od s\u0105siad\u00f3w z klatki<\/td><\/tr><tr><td class=\"has-text-align-center\" data-align=\"center\">06.10.2022<\/td><td class=\"has-text-align-center\" data-align=\"center\">6.30<\/td><td>od uczestnik\u00f3w pogrzebu<\/td><\/tr><tr><td class=\"has-text-align-center\" data-align=\"center\"><strong>poza parafi\u0105<\/strong><\/td><td class=\"has-text-align-center\" data-align=\"center\"><strong>&nbsp;ks. Andrzej<br> (Rzesz\u00f3w)<\/strong><\/td><td>od rodziny STACHUR\u00d3W z Siar<\/td><\/tr><tr><td class=\"has-text-align-center\" data-align=\"center\"><strong>poza parafi\u0105<\/strong><\/td><td class=\"has-text-align-center\" data-align=\"center\"><strong>&nbsp;<\/strong> <strong>ks. Andrzej<br> (Rzesz\u00f3w)<\/strong> <\/td><td>od rodziny IGIELSKICH<\/td><\/tr><tr><td class=\"has-text-align-center\" data-align=\"center\"><strong>poza parafi\u0105<\/strong><\/td><td class=\"has-text-align-center\" data-align=\"center\"><strong>&nbsp;<\/strong> <strong>ks. Andrzej<br> (Rzesz\u00f3w)<\/strong> <\/td><td>od Ewy i Zygmunta NIKIEL z rodzin\u0105<\/td><\/tr><tr><td class=\"has-text-align-center\" data-align=\"center\"><strong>poza parafi\u0105<\/strong><\/td><td class=\"has-text-align-center\" data-align=\"center\"><strong>&nbsp;<\/strong> <strong>ks. Andrzej<br> (Rzesz\u00f3w)<\/strong> <\/td><td>od s\u0105siad\u00f3w syna Zbigniewa<\/td><\/tr><tr><td class=\"has-text-align-center\" data-align=\"center\"><strong>poza parafi\u0105<\/strong><\/td><td class=\"has-text-align-center\" data-align=\"center\"><strong>&nbsp;<\/strong> <strong>ks. Andrzej<br> (Rzesz\u00f3w)<\/strong> <\/td><td>od uczestnik\u00f3w pogrzebu&nbsp;<\/td><\/tr><\/tbody><\/table><\/figure>\n","protected":false},"excerpt":{"rendered":"<p>2021\/11; pogrzeb: 07.04.2021 data godz. ofiarodawcy \/ intencja 10.04.2021 6.30 w 7 dzie\u0144 po \u015bmierci 03.05.2021 11.00 w 30 dzie\u0144 po \u015bmierci 04.09.2022 6.30 od syna Zbigniewa z rodzin\u0105 07.09.2022 6.30 od c\u00f3rki Haliny 08.09.2022 6.30 od syna Mieczys\u0142awa z rodzin\u0105 23.09.20226.30 6.30 z intencji siostry Stanis\u0142awy 27.09.2022 6.30 od wnuczki Karoliny z Paw\u0142em 28.09.2022&#8230;<\/p>\n","protected":false},"author":3,"featured_media":188,"comment_status":"closed","ping_status":"","sticky":false,"template":"","format":"standard","meta":{"footnotes":""},"categories":[6],"tags":[],"class_list":["post-755","post","type-post","status-publish","format-standard","has-post-thumbnail","hentry","category-intencje_pogrzebowe"],"_links":{"self":[{"href":"https:\/\/bobolagorlice.pl\/index.php\/wp-json\/wp\/v2\/posts\/755","targetHints":{"allow":["GET"]}}],"collection":[{"href":"https:\/\/bobolagorlice.pl\/index.php\/wp-json\/wp\/v2\/posts"}],"about":[{"href":"https:\/\/bobolagorlice.pl\/index.php\/wp-json\/wp\/v2\/types\/post"}],"author":[{"embeddable":true,"href":"https:\/\/bobolagorlice.pl\/index.php\/wp-json\/wp\/v2\/users\/3"}],"replies":[{"embeddable":true,"href":"https:\/\/bobolagorlice.pl\/index.php\/wp-json\/wp\/v2\/comments?post=755"}],"version-history":[{"count":4,"href":"https:\/\/bobolagorlice.pl\/index.php\/wp-json\/wp\/v2\/posts\/755\/revisions"}],"predecessor-version":[{"id":2685,"href":"https:\/\/bobolagorlice.pl\/index.php\/wp-json\/wp\/v2\/posts\/755\/revisions\/2685"}],"wp:featuredmedia":[{"embeddable":true,"href":"https:\/\/bobolagorlice.pl\/index.php\/wp-json\/wp\/v2\/media\/188"}],"wp:attachment":[{"href":"https:\/\/bobolagorlice.pl\/index.php\/wp-json\/wp\/v2\/media?parent=755"}],"wp:term":[{"taxonomy":"category","embeddable":true,"href":"https:\/\/bobolagorlice.pl\/index.php\/wp-json\/wp\/v2\/categories?post=755"},{"taxonomy":"post_tag","embeddable":true,"href":"https:\/\/bobolagorlice.pl\/index.php\/wp-json\/wp\/v2\/tags?post=755"}],"curies":[{"name":"wp","href":"https:\/\/api.w.org\/{rel}","templated":true}]}}