{"id":827,"date":"2021-04-17T13:55:29","date_gmt":"2021-04-17T11:55:29","guid":{"rendered":"https:\/\/bobolagorlice.pl\/?p=827"},"modified":"2022-10-04T11:42:38","modified_gmt":"2022-10-04T09:42:38","slug":"andrzeja-janton","status":"publish","type":"post","link":"https:\/\/bobolagorlice.pl\/index.php\/2021\/04\/17\/andrzeja-janton\/","title":{"rendered":"\u2020ANDRZEJ JANTO\u0143"},"content":{"rendered":"\n<p>2021\/12 pogrzeb: 17.04.2021<\/p>\n\n\n\n<figure class=\"wp-block-table\"><table><tbody><tr><td class=\"has-text-align-center\" data-align=\"center\"><strong><em>data<\/em><\/strong><\/td><td class=\"has-text-align-center\" data-align=\"center\"><strong><em>godz.<\/em><\/strong><\/td><td><strong><em>ofiarodawcy \/ intencja<\/em><\/strong><\/td><\/tr><tr><td class=\"has-text-align-center\" data-align=\"center\"><strong>10.05.2021<\/strong><\/td><td class=\"has-text-align-center\" data-align=\"center\"><strong>18.00<\/strong><\/td><td>od mamy<\/td><\/tr><tr><td class=\"has-text-align-center\" data-align=\"center\"><strong>17.05.2021<\/strong><\/td><td class=\"has-text-align-center\" data-align=\"center\"><strong>18.00<\/strong><\/td><td>od siostry Anny z rodzin\u0105<\/td><\/tr><tr><td class=\"has-text-align-center\" data-align=\"center\"><strong>24.05.2021<\/strong><\/td><td class=\"has-text-align-center\" data-align=\"center\"><strong>18.00<\/strong><\/td><td>od babci i dziadka<\/td><\/tr><tr><td class=\"has-text-align-center\" data-align=\"center\"><strong>31.05.2021<\/strong><\/td><td class=\"has-text-align-center\" data-align=\"center\"><strong>18.00<\/strong><\/td><td>od wujka Krzysztofa z rodzin\u0105<\/td><\/tr><tr><td class=\"has-text-align-center\" data-align=\"center\"><strong>07.06.2021<\/strong><\/td><td class=\"has-text-align-center\" data-align=\"center\"><strong>18.00<\/strong><\/td><td>od ojca chrzestnego z rodzin\u0105 z rodzin\u0105<\/td><\/tr><tr><td class=\"has-text-align-center\" data-align=\"center\">27.09.2022<\/td><td class=\"has-text-align-center\" data-align=\"center\">6.30<\/td><td>od s\u0105siad\u00f3w z klatki<\/td><\/tr><tr><td class=\"has-text-align-center\" data-align=\"center\">28.09.2022<\/td><td class=\"has-text-align-center\" data-align=\"center\">6.30<\/td><td>od ojca<\/td><\/tr><tr><td class=\"has-text-align-center\" data-align=\"center\">05.10.2022<\/td><td class=\"has-text-align-center\" data-align=\"center\">6.30<\/td><td>od rodziny WO\u0179NIAK\u00d3W z Gorlic<\/td><\/tr><tr><td class=\"has-text-align-center\" data-align=\"center\">06.10.2022<\/td><td class=\"has-text-align-center\" data-align=\"center\">18.00<\/td><td>od cioci Eli<\/td><\/tr><tr><td class=\"has-text-align-center\" data-align=\"center\">07.10.2022<\/td><td class=\"has-text-align-center\" data-align=\"center\">6.30<\/td><td>od Agnieszki z rodzin\u0105<\/td><\/tr><tr><td class=\"has-text-align-center\" data-align=\"center\">08.10.2022<\/td><td class=\"has-text-align-center\" data-align=\"center\">6.30<\/td><td>od cioci Steni<\/td><\/tr><tr><td class=\"has-text-align-center\" data-align=\"center\">10.10.2022<\/td><td class=\"has-text-align-center\" data-align=\"center\">6.30<\/td><td>od kuzyn\u00f3w z Januszkowic<\/td><\/tr><tr><td class=\"has-text-align-center\" data-align=\"center\">11.10.2022<\/td><td class=\"has-text-align-center\" data-align=\"center\">6.30<\/td><td>od Bo\u017ceny i Leszka LISZKI<\/td><\/tr><tr><td class=\"has-text-align-center\" data-align=\"center\">12.10.2022<\/td><td class=\"has-text-align-center\" data-align=\"center\">18.00<\/td><td>od uczestnik\u00f3w pogrzebu<\/td><\/tr><tr><td class=\"has-text-align-center\" data-align=\"center\">13.10.2022<\/td><td class=\"has-text-align-center\" data-align=\"center\">6.30<\/td><td>od uczestnik\u00f3w pogrzebu<\/td><\/tr><tr><td class=\"has-text-align-center\" data-align=\"center\"><strong>poza parafi\u0105<\/strong><\/td><td class=\"has-text-align-center\" data-align=\"center\">&nbsp;ks. Andrzej <br>(Rzesz\u00f3w)<\/td><td>od s\u0105siad\u00f3w z klatki<\/td><\/tr><tr><td class=\"has-text-align-center\" data-align=\"center\"><strong>poza parafi\u0105<\/strong><\/td><td class=\"has-text-align-center\" data-align=\"center\"><strong>&nbsp; ks. Andrzej <br>  (Rzesz\u00f3w) <\/strong><\/td><td>od ojca<\/td><\/tr><tr><td class=\"has-text-align-center\" data-align=\"center\"><strong>poza parafi\u0105<\/strong><\/td><td class=\"has-text-align-center\" data-align=\"center\"><strong>&nbsp;<\/strong> &nbsp;<strong>ks. Andrzej <br>    (Rzesz\u00f3w) <\/strong><\/td><td>od rodziny WO\u0179NIAK\u00d3W z Gorlic<\/td><\/tr><tr><td class=\"has-text-align-center\" data-align=\"center\"><strong>poza parafi\u0105<\/strong><\/td><td class=\"has-text-align-center\" data-align=\"center\"><strong>&nbsp;<\/strong> <strong>ks. Andrzej <br>    (Rzesz\u00f3w) <\/strong> <\/td><td>od cioci Eli<\/td><\/tr><tr><td class=\"has-text-align-center\" data-align=\"center\"><strong>poza parafi\u0105<\/strong><\/td><td class=\"has-text-align-center\" data-align=\"center\"><strong>&nbsp;<\/strong> <strong>ks. Andrzej <br>    (Rzesz\u00f3w) <\/strong> <\/td><td>od Agnieszki z rodzin\u0105<\/td><\/tr><tr><td class=\"has-text-align-center\" data-align=\"center\"><strong>poza parafi\u0105<\/strong><\/td><td class=\"has-text-align-center\" data-align=\"center\"><strong>&nbsp;<\/strong> <strong>ks. Andrzej <br>    (Rzesz\u00f3w) <\/strong> <\/td><td>od Celiny i Mariana STRZELCZYK<\/td><\/tr><tr><td class=\"has-text-align-center\" data-align=\"center\"><strong>poza parafi\u0105<\/strong><\/td><td class=\"has-text-align-center\" data-align=\"center\"><strong>&nbsp;<\/strong> <strong>ks. Andrzej <br>    (Rzesz\u00f3w) <\/strong> <\/td><td>od Jadwigi i Kazimierza KOPERA<\/td><\/tr><tr><td class=\"has-text-align-center\" data-align=\"center\"><strong>poza parafi\u0105<\/strong><\/td><td class=\"has-text-align-center\" data-align=\"center\">&nbsp; <strong>ks. Andrzej <br>    (Rzesz\u00f3w) <\/strong> <\/td><td>od Krystyny MICHO\u0143SKIEJ z rodzin\u0105<\/td><\/tr><tr><td class=\"has-text-align-center\" data-align=\"center\"><strong>poza parafi\u0105<\/strong><\/td><td class=\"has-text-align-center\" data-align=\"center\">&nbsp; <strong>ks. Andrzej <br>    (Rzesz\u00f3w) <\/strong> <\/td><td>od Bogdana JANTO\u0143 z rodzina<\/td><\/tr><tr><td class=\"has-text-align-center\" data-align=\"center\"><strong>poza parafi\u0105<\/strong><\/td><td class=\"has-text-align-center\" data-align=\"center\">&nbsp; <strong>ks. Andrzej <br>    (Rzesz\u00f3w) <\/strong> <\/td><td>od kole\u017canek i koleg\u00f3w z Januszkowic<\/td><\/tr><tr><td class=\"has-text-align-center\" data-align=\"center\"><strong>poza parafi\u0105<\/strong><\/td><td class=\"has-text-align-center\" data-align=\"center\">&nbsp; <strong>ks. Andrzej <br>    (Rzesz\u00f3w) <\/strong> <\/td><td>od Tomasza z rodzin\u0105<\/td><\/tr><tr><td class=\"has-text-align-center\" data-align=\"center\"><strong>poza parafi\u0105<\/strong><\/td><td class=\"has-text-align-center\" data-align=\"center\">&nbsp; <strong>ks. Andrzej <br>    (Rzesz\u00f3w) <\/strong> <\/td><td>od Ma\u0107ka i Irka<\/td><\/tr><tr><td class=\"has-text-align-center\" data-align=\"center\"><strong>poza parafi\u0105<\/strong><\/td><td class=\"has-text-align-center\" data-align=\"center\">&nbsp; <strong>ks. Andrzej <br>    (Rzesz\u00f3w) <\/strong> <\/td><td>od rodziny FALARZ\u00d3W<\/td><\/tr><tr><td class=\"has-text-align-center\" data-align=\"center\"><strong>poza parafi\u0105<\/strong><\/td><td class=\"has-text-align-center\" data-align=\"center\"> <strong>ks. Andrzej <br>    (Rzesz\u00f3w) <\/strong> &nbsp;<\/td><td>od Moniki z Rabki<\/td><\/tr><tr><td class=\"has-text-align-center\" data-align=\"center\"><strong>poza parafi\u0105<\/strong><\/td><td class=\"has-text-align-center\" data-align=\"center\">&nbsp; <strong>ks. Andrzej <br>    (Rzesz\u00f3w) <\/strong> <\/td><td>od rodziny MIKULC\u00d3W<\/td><\/tr><tr><td class=\"has-text-align-center\" data-align=\"center\"><strong>poza parafi\u0105<\/strong><\/td><td class=\"has-text-align-center\" data-align=\"center\">&nbsp; <strong>ks. Andrzej <br>    (Rzesz\u00f3w) <\/strong> <\/td><td>od Mariusza i Eweliny DUNAJ<\/td><\/tr><tr><td class=\"has-text-align-center\" data-align=\"center\"><strong>poza parafi\u0105<\/strong><\/td><td class=\"has-text-align-center\" data-align=\"center\">&nbsp; <strong>ks. Andrzej <br>    (Rzesz\u00f3w) <\/strong> <\/td><td>od Teresy DUNAJ z rodzin\u0105<\/td><\/tr><tr><td class=\"has-text-align-center\" data-align=\"center\"><strong>poza parafi\u0105<\/strong><\/td><td class=\"has-text-align-center\" data-align=\"center\">&nbsp; <strong>ks. Andrzej <br>    (Rzesz\u00f3w) <\/strong> <\/td><td>od uczestnik\u00f3w pogrzebu<\/td><\/tr><\/tbody><\/table><\/figure>\n","protected":false},"excerpt":{"rendered":"<p>2021\/12 pogrzeb: 17.04.2021 data godz. ofiarodawcy \/ intencja 10.05.2021 18.00 od mamy 17.05.2021 18.00 od siostry Anny z rodzin\u0105 24.05.2021 18.00 od babci i dziadka 31.05.2021 18.00 od wujka Krzysztofa z rodzin\u0105 07.06.2021 18.00 od ojca chrzestnego z rodzin\u0105 z rodzin\u0105 27.09.2022 6.30 od s\u0105siad\u00f3w z klatki 28.09.2022 6.30 od ojca 05.10.2022 6.30 od rodziny&#8230;<\/p>\n","protected":false},"author":3,"featured_media":188,"comment_status":"closed","ping_status":"","sticky":false,"template":"","format":"standard","meta":{"footnotes":""},"categories":[6],"tags":[],"class_list":["post-827","post","type-post","status-publish","format-standard","has-post-thumbnail","hentry","category-intencje_pogrzebowe"],"_links":{"self":[{"href":"https:\/\/bobolagorlice.pl\/index.php\/wp-json\/wp\/v2\/posts\/827","targetHints":{"allow":["GET"]}}],"collection":[{"href":"https:\/\/bobolagorlice.pl\/index.php\/wp-json\/wp\/v2\/posts"}],"about":[{"href":"https:\/\/bobolagorlice.pl\/index.php\/wp-json\/wp\/v2\/types\/post"}],"author":[{"embeddable":true,"href":"https:\/\/bobolagorlice.pl\/index.php\/wp-json\/wp\/v2\/users\/3"}],"replies":[{"embeddable":true,"href":"https:\/\/bobolagorlice.pl\/index.php\/wp-json\/wp\/v2\/comments?post=827"}],"version-history":[{"count":4,"href":"https:\/\/bobolagorlice.pl\/index.php\/wp-json\/wp\/v2\/posts\/827\/revisions"}],"predecessor-version":[{"id":2687,"href":"https:\/\/bobolagorlice.pl\/index.php\/wp-json\/wp\/v2\/posts\/827\/revisions\/2687"}],"wp:featuredmedia":[{"embeddable":true,"href":"https:\/\/bobolagorlice.pl\/index.php\/wp-json\/wp\/v2\/media\/188"}],"wp:attachment":[{"href":"https:\/\/bobolagorlice.pl\/index.php\/wp-json\/wp\/v2\/media?parent=827"}],"wp:term":[{"taxonomy":"category","embeddable":true,"href":"https:\/\/bobolagorlice.pl\/index.php\/wp-json\/wp\/v2\/categories?post=827"},{"taxonomy":"post_tag","embeddable":true,"href":"https:\/\/bobolagorlice.pl\/index.php\/wp-json\/wp\/v2\/tags?post=827"}],"curies":[{"name":"wp","href":"https:\/\/api.w.org\/{rel}","templated":true}]}}