{"id":865,"date":"2021-04-26T15:40:22","date_gmt":"2021-04-26T13:40:22","guid":{"rendered":"https:\/\/bobolagorlice.pl\/?p=865"},"modified":"2022-10-22T12:01:07","modified_gmt":"2022-10-22T10:01:07","slug":"kazimierz-firszt","status":"publish","type":"post","link":"https:\/\/bobolagorlice.pl\/index.php\/2021\/04\/26\/kazimierz-firszt\/","title":{"rendered":"\u2020KAZIMIERZ FIRSZT"},"content":{"rendered":"\n<p>2021\/13 pogrzeb: 26.04.2021<\/p>\n\n\n\n<figure class=\"wp-block-table\"><table><tbody><tr><td class=\"has-text-align-center\" data-align=\"center\"><strong><em>data<\/em><\/strong><\/td><td class=\"has-text-align-center\" data-align=\"center\"><strong><em>godz.<\/em><\/strong><\/td><td><strong><em>ofiarodawcy \/ intencja<\/em><\/strong><\/td><\/tr><tr><td class=\"has-text-align-center\" data-align=\"center\"><strong>19.05.2021<\/strong><\/td><td class=\"has-text-align-center\" data-align=\"center\"><strong>18.00<\/strong><\/td><td>w <strong>30<\/strong> dzie\u0144 po \u015bmierci [<strong>od \u017cony<\/strong>]<\/td><\/tr><tr><td class=\"has-text-align-center\" data-align=\"center\">10.10.2022<\/td><td class=\"has-text-align-center\" data-align=\"center\">6.30<\/td><td>od syna Grzegorza<\/td><\/tr><tr><td class=\"has-text-align-center\" data-align=\"center\">14.10.2022<\/td><td class=\"has-text-align-center\" data-align=\"center\">6.30<\/td><td>od Justyny TOKARZ z rodzin\u0105<\/td><\/tr><tr><td class=\"has-text-align-center\" data-align=\"center\">15.10.2022<\/td><td class=\"has-text-align-center\" data-align=\"center\">6.30<\/td><td>od c\u00f3rki Agnieszki<\/td><\/tr><tr><td class=\"has-text-align-center\" data-align=\"center\">17.10.2022<\/td><td class=\"has-text-align-center\" data-align=\"center\">18.00<\/td><td>od syna Sebastiana z rodzin\u0105<\/td><\/tr><tr><td class=\"has-text-align-center\" data-align=\"center\">18.10.2022<\/td><td class=\"has-text-align-center\" data-align=\"center\">6.30<\/td><td>od syna Daniela z \u017con\u0105<\/td><\/tr><tr><td class=\"has-text-align-center\" data-align=\"center\">19.10.2022<\/td><td class=\"has-text-align-center\" data-align=\"center\">18.00<\/td><td>od siostry Bogumi\u0142y z m\u0119\u017cem<\/td><\/tr><tr><td class=\"has-text-align-center\" data-align=\"center\">20.10.2022<\/td><td class=\"has-text-align-center\" data-align=\"center\">6.30<\/td><td>od c\u00f3rki Danuty z rodzin\u0105<\/td><\/tr><tr><td class=\"has-text-align-center\" data-align=\"center\">21.10.2022<\/td><td class=\"has-text-align-center\" data-align=\"center\">6.30<\/td><td>od brata Krzysztofa z rodzin\u0105 <\/td><\/tr><tr><td class=\"has-text-align-center\" data-align=\"center\">22.10.2022<\/td><td class=\"has-text-align-center\" data-align=\"center\">6.30<\/td><td>od Jana, Krystyny i Barbary HALUCH <\/td><\/tr><tr><td class=\"has-text-align-center\" data-align=\"center\">24.10.2022<\/td><td class=\"has-text-align-center\" data-align=\"center\">6.30<\/td><td>od wnuk\u00f3w Marcina i Asi<\/td><\/tr><tr><td class=\"has-text-align-center\" data-align=\"center\"><strong>poza parafi\u0105<\/strong><\/td><td class=\"has-text-align-center\" data-align=\"center\"><strong>&nbsp;ks. Andrzej (Rzesz\u00f3w)<\/strong><\/td><td>od siostry Bogumi\u0142y z m\u0119\u017cem<\/td><\/tr><tr><td class=\"has-text-align-center\" data-align=\"center\"><strong>poza parafi\u0105<\/strong><\/td><td class=\"has-text-align-center\" data-align=\"center\"><strong>ks. Andrzej (Rzesz\u00f3w)&nbsp;<\/strong><\/td><td>od chrze\u015bnicy Agnieszki z rodzin\u0105<\/td><\/tr><tr><td class=\"has-text-align-center\" data-align=\"center\"><strong>poza parafi\u0105<\/strong><\/td><td class=\"has-text-align-center\" data-align=\"center\"><strong>&nbsp;ks. Andrzej (Rzesz\u00f3w)&nbsp;<\/strong><\/td><td>od siostrze\u0144ca Tomasza z rodzin\u0105<\/td><\/tr><tr><td class=\"has-text-align-center\" data-align=\"center\"><strong>poza parafi\u0105<\/strong><\/td><td class=\"has-text-align-center\" data-align=\"center\"><strong>ks. Andrzej (Rzesz\u00f3w)&nbsp;&nbsp;<\/strong><\/td><td>od siostrze\u0144ca Mi\u0142osza<\/td><\/tr><tr><td class=\"has-text-align-center\" data-align=\"center\"><strong>poza parafi\u0105<\/strong><\/td><td class=\"has-text-align-center\" data-align=\"center\"><strong>&nbsp;ks. Andrzej (Rzesz\u00f3w)&nbsp;<\/strong><\/td><td>od s\u0105siad\u00f3w z ul. Laskowskiego<\/td><\/tr><tr><td class=\"has-text-align-center\" data-align=\"center\"><strong>poza parafi\u0105<\/strong><\/td><td class=\"has-text-align-center\" data-align=\"center\"><strong>&nbsp;ks. Andrzej (Rzesz\u00f3w)&nbsp;<\/strong><\/td><td>od s\u0105siad\u00f3w z ul. Laskowskiego<\/td><\/tr><tr><td class=\"has-text-align-center\" data-align=\"center\"><strong>poza parafi\u0105<\/strong><\/td><td class=\"has-text-align-center\" data-align=\"center\"><strong>ks. Andrzej (Rzesz\u00f3w)&nbsp;&nbsp;<\/strong><\/td><td>od s\u0105siad\u00f3w z ul. Laskowskiego<\/td><\/tr><tr><td class=\"has-text-align-center\" data-align=\"center\"><strong>poza parafi\u0105<\/strong><\/td><td class=\"has-text-align-center\" data-align=\"center\"><strong>ks. Andrzej (Rzesz\u00f3w)&nbsp;&nbsp;<\/strong><\/td><td>od w\u0142a\u015bcicieli <em>DELIKATES\u00d3W CENTRUM<\/em> Ewy i Marcina SZUFNARA<\/td><\/tr><tr><td class=\"has-text-align-center\" data-align=\"center\"><strong>poza parafi\u0105<\/strong><\/td><td class=\"has-text-align-center\" data-align=\"center\"><strong>&nbsp;ks. Andrzej (Rzesz\u00f3w)&nbsp;<\/strong><\/td><td>od kole\u017canek i koleg\u00f3w z <em>DELIKATES\u00d3W CENTRUM<\/em> <strong>Tuwima 9.<\/strong><\/td><\/tr><tr><td class=\"has-text-align-center\" data-align=\"center\"><strong>poza parafi\u0105<\/strong><\/td><td class=\"has-text-align-center\" data-align=\"center\"><strong>ks. Andrzej (Rzesz\u00f3w)&nbsp;&nbsp;<\/strong><\/td><td>od rodziny DUDEK<\/td><\/tr><tr><td class=\"has-text-align-center\" data-align=\"center\"><strong>poza parafi\u0105<\/strong><\/td><td class=\"has-text-align-center\" data-align=\"center\"><strong>&nbsp;ks. Andrzej (Rzesz\u00f3w)&nbsp;<\/strong><\/td><td>od koleg\u00f3w z obr\u00f3bki cieplnej z <strong>NiUW<\/strong> (Narz\u0119dzia i Urz\u0105dzenia Wiertnicze) <strong>Glinik<\/strong><\/td><\/tr><tr><td class=\"has-text-align-center\" data-align=\"center\"><strong>poza parafi\u0105<\/strong><\/td><td class=\"has-text-align-center\" data-align=\"center\"><strong>&nbsp;ks. Andrzej (Rzesz\u00f3w)&nbsp;<\/strong><\/td><td>od koleg\u00f3w z obr\u00f3bki cieplnej z <strong>NiUW<\/strong> (Narz\u0119dzia i Urz\u0105dzenia Wiertnicze) <strong>Glinik<\/strong><\/td><\/tr><tr><td class=\"has-text-align-center\" data-align=\"center\"><strong>poza parafi\u0105<\/strong><\/td><td class=\"has-text-align-center\" data-align=\"center\">&nbsp;<strong>ks. Andrzej (Rzesz\u00f3w)&nbsp;<\/strong><\/td><td>od koleg\u00f3w z obr\u00f3bki cieplnej z <strong>NiUW<\/strong> (Narz\u0119dzia i Urz\u0105dzenia Wiertnicze) <strong>Glinik<\/strong><\/td><\/tr><tr><td class=\"has-text-align-center\" data-align=\"center\"><strong>poza parafi\u0105<\/strong><\/td><td class=\"has-text-align-center\" data-align=\"center\"><strong>ks. Andrzej (Rzesz\u00f3w)&nbsp;<\/strong>&nbsp;<\/td><td>od rodziny PYZNAR\u00d3W<\/td><\/tr><tr><td class=\"has-text-align-center\" data-align=\"center\"><strong>poza parafi\u0105<\/strong><\/td><td class=\"has-text-align-center\" data-align=\"center\">&nbsp;<strong>ks. Andrzej (Rzesz\u00f3w)&nbsp;<\/strong><\/td><td>z intencji gorlickich kr\u00f3tkofalowc\u00f3w<\/td><\/tr><tr><td class=\"has-text-align-center\" data-align=\"center\"><strong>poza parafi\u0105<\/strong><\/td><td class=\"has-text-align-center\" data-align=\"center\">&nbsp;<strong>ks. Andrzej (Rzesz\u00f3w)&nbsp;<\/strong><\/td><td>od rodziny WIS\u0141OCKICH<\/td><\/tr><tr><td class=\"has-text-align-center\" data-align=\"center\"><strong>poza parafi\u0105<\/strong><\/td><td class=\"has-text-align-center\" data-align=\"center\"><strong>ks. Andrzej (Rzesz\u00f3w)&nbsp;<\/strong>&nbsp;<\/td><td>od koleg\u00f3w i kole\u017canek z Nowego S\u0105cza<\/td><\/tr><tr><td class=\"has-text-align-center\" data-align=\"center\"><strong>poza parafi\u0105<\/strong><\/td><td class=\"has-text-align-center\" data-align=\"center\">&nbsp;<strong>ks. Andrzej (Rzesz\u00f3w)&nbsp;<\/strong><\/td><td>od koleg\u00f3w i kole\u017canek syna Sebastiana z firmy <em>EUROCASH&nbsp;<\/em><\/td><\/tr><tr><td class=\"has-text-align-center\" data-align=\"center\"><strong>poza parafi\u0105<\/strong><\/td><td class=\"has-text-align-center\" data-align=\"center\">&nbsp;<strong>ks. Andrzej (Rzesz\u00f3w)&nbsp;<\/strong><\/td><td>od Rafa\u0142a FIRSZT z rodzin\u0105<\/td><\/tr><tr><td class=\"has-text-align-center\" data-align=\"center\"><strong>poza parafi\u0105<\/strong><\/td><td class=\"has-text-align-center\" data-align=\"center\"><strong>ks. Andrzej (Rzesz\u00f3w)&nbsp;<\/strong>&nbsp;<\/td><td>z intencji Andrzeja, Tadeusza i Marii FIRSZT z rodzinami<\/td><\/tr><tr><td class=\"has-text-align-center\" data-align=\"center\"><strong>poza parafi\u0105<\/strong><\/td><td class=\"has-text-align-center\" data-align=\"center\">&nbsp;<strong>ks. Andrzej (Rzesz\u00f3w)&nbsp;<\/strong>&nbsp;<\/td><td>od chrze\u015bniaka Piotra z \u017con\u0105<\/td><\/tr><tr><td class=\"has-text-align-center\" data-align=\"center\"><strong>poza parafi\u0105<\/strong><\/td><td class=\"has-text-align-center\" data-align=\"center\"><strong>ks. Andrzej (Rzesz\u00f3w)&nbsp;<\/strong>&nbsp;&nbsp;<\/td><td>od Anny i Rafa\u0142a S\u0141OWIK<\/td><\/tr><tr><td class=\"has-text-align-center\" data-align=\"center\"><strong>poza parafi\u0105<\/strong><\/td><td class=\"has-text-align-center\" data-align=\"center\">&nbsp;<strong>ks. Andrzej (Rzesz\u00f3w)&nbsp;<\/strong>&nbsp;<\/td><td>od pracownik\u00f3w sklepu <em>DELIKATESY CENTRUM<\/em> i kwiaciarni \u201eU Asi\u201d<\/td><\/tr><tr><td class=\"has-text-align-center\" data-align=\"center\"><strong>poza parafi\u0105<\/strong><\/td><td class=\"has-text-align-center\" data-align=\"center\">&nbsp;<strong>ks. Andrzej (Rzesz\u00f3w)&nbsp;<\/strong>&nbsp;<\/td><td>z intencji wsp\u00f3\u0142pracownic Gra\u017cyny ze sklep\u00f3w firmowych SZUBRYT<\/td><\/tr><tr><td class=\"has-text-align-center\" data-align=\"center\"><strong>poza parafi\u0105<\/strong><\/td><td class=\"has-text-align-center\" data-align=\"center\">&nbsp;<strong>ks. Andrzej (Rzesz\u00f3w)&nbsp;<\/strong>&nbsp;<\/td><td>od uczestnik\u00f3w pogrzebu<\/td><\/tr><tr><td class=\"has-text-align-center\" data-align=\"center\"><strong>poza parafi\u0105<\/strong><\/td><td class=\"has-text-align-center\" data-align=\"center\"><strong>ks. Andrzej (Rzesz\u00f3w)&nbsp;<\/strong>&nbsp;&nbsp;<\/td><td>z intencji rodziny SZUFNAR\u00d3W<\/td><\/tr><tr><td class=\"has-text-align-center\" data-align=\"center\"><strong>poza parafi\u0105<\/strong><\/td><td class=\"has-text-align-center\" data-align=\"center\">&nbsp;<strong>ks. Andrzej (Rzesz\u00f3w)&nbsp;<\/strong>&nbsp;<\/td><td>od Marii i Andrzeja USZKO<\/td><\/tr><tr><td class=\"has-text-align-center\" data-align=\"center\"><strong>poza parafi\u0105<\/strong><\/td><td class=\"has-text-align-center\" data-align=\"center\">&nbsp;<strong>ks. Andrzej (Rzesz\u00f3w)&nbsp;<\/strong>&nbsp;<\/td><td>od swat\u00f3w z Zag\u00f3rzan<\/td><\/tr><tr><td class=\"has-text-align-center\" data-align=\"center\"><strong>poza parafi\u0105<\/strong><\/td><td class=\"has-text-align-center\" data-align=\"center\">&nbsp;<strong>ks. Andrzej (Rzesz\u00f3w)&nbsp;<\/strong>&nbsp;<\/td><td>od Beaty i Mariusza SU\u0141KOWSKICH<\/td><\/tr><tr><td class=\"has-text-align-center\" data-align=\"center\"><strong>poza parafi\u0105<\/strong><\/td><td class=\"has-text-align-center\" data-align=\"center\">&nbsp;<strong>ks. Andrzej (Rzesz\u00f3w)&nbsp;<\/strong>&nbsp;<\/td><td>od szefostwa syna Grzegorza z <em>DELIKATES\u00d3W CENTRUM&nbsp;<\/em><\/td><\/tr><tr><td class=\"has-text-align-center\" data-align=\"center\"><strong>poza parafi\u0105<\/strong><\/td><td class=\"has-text-align-center\" data-align=\"center\">&nbsp;<strong>ks. Andrzej (Rzesz\u00f3w)&nbsp;<\/strong>&nbsp;<\/td><td>od Stefani i Kazimierza GAWLIK<\/td><\/tr><tr><td class=\"has-text-align-center\" data-align=\"center\"><strong>poza parafi\u0105<\/strong><\/td><td class=\"has-text-align-center\" data-align=\"center\"><strong>ks. Andrzej (Rzesz\u00f3w)&nbsp;<\/strong>&nbsp;&nbsp;<\/td><td>od Janusza PORADA<\/td><\/tr><tr><td class=\"has-text-align-center\" data-align=\"center\"><strong>poza parafi\u0105<\/strong><\/td><td class=\"has-text-align-center\" data-align=\"center\"><strong>ks. Andrzej (Rzesz\u00f3w)&nbsp;<\/strong>&nbsp;&nbsp;<\/td><td>od rodziny PACH\u00d3W i WASTAG\u00d3W z Wojnarowej<\/td><\/tr><tr><td class=\"has-text-align-center\" data-align=\"center\"><strong>poza parafi\u0105<\/strong><\/td><td class=\"has-text-align-center\" data-align=\"center\">&nbsp;<strong>ks. Andrzej (Rzesz\u00f3w)&nbsp;<\/strong>&nbsp;<\/td><td>od Marii i Leszka PORADA<\/td><\/tr><tr><td class=\"has-text-align-center\" data-align=\"center\"><strong>poza parafi\u0105<\/strong><\/td><td class=\"has-text-align-center\" data-align=\"center\"><strong>ks. Andrzej (Rzesz\u00f3w)&nbsp;<\/strong>&nbsp;&nbsp;<\/td><td>od Joanny i Piotra PORAD\u00d3W<\/td><\/tr><tr><td class=\"has-text-align-center\" data-align=\"center\"><strong>poza parafi\u0105<\/strong><\/td><td class=\"has-text-align-center\" data-align=\"center\">&nbsp;<strong>ks. Andrzej (Rzesz\u00f3w)&nbsp;<\/strong>&nbsp;<\/td><td>od w\u0142a\u015bcicieli firmy handlowej <em>AGD KONOPKA<\/em><\/td><\/tr><tr><td class=\"has-text-align-center\" data-align=\"center\"><strong>poza parafi\u0105<\/strong><\/td><td class=\"has-text-align-center\" data-align=\"center\">&nbsp;<strong>ks. Andrzej (Rzesz\u00f3w)&nbsp;<\/strong>&nbsp;<\/td><td>od pracownik\u00f3w firmy handlowej <em>AGD KONOPKA<\/em><\/td><\/tr><tr><td class=\"has-text-align-center\" data-align=\"center\"><strong>poza parafi\u0105<\/strong><\/td><td class=\"has-text-align-center\" data-align=\"center\">&nbsp;<strong>ks. Andrzej (Rzesz\u00f3w)&nbsp;<\/strong>&nbsp;<\/td><td>od uczestnik\u00f3w pogrzebu<\/td><\/tr><tr><td class=\"has-text-align-center\" data-align=\"center\"><strong>poza parafi\u0105<\/strong><\/td><td class=\"has-text-align-center\" data-align=\"center\">&nbsp;<strong>ks. Andrzej (Rzesz\u00f3w)&nbsp;<\/strong>&nbsp;<\/td><td>od uczestnik\u00f3w pogrzebu<\/td><\/tr><tr><td class=\"has-text-align-center\" data-align=\"center\"><strong>poza parafi\u0105<\/strong><\/td><td class=\"has-text-align-center\" data-align=\"center\"><strong>ks. Andrzej (Rzesz\u00f3w)&nbsp;<\/strong>&nbsp;&nbsp;<\/td><td>od uczestnik\u00f3w pogrzebu<\/td><\/tr><tr><td class=\"has-text-align-center\" data-align=\"center\"><strong>poza parafi\u0105<\/strong><\/td><td class=\"has-text-align-center\" data-align=\"center\">&nbsp;<strong>ks. Andrzej (Rzesz\u00f3w)&nbsp;<\/strong>&nbsp;<\/td><td>od uczestnik\u00f3w pogrzebu<\/td><\/tr><\/tbody><\/table><\/figure>\n\n\n\n<p><\/p>\n","protected":false},"excerpt":{"rendered":"<p>2021\/13 pogrzeb: 26.04.2021 data godz. ofiarodawcy \/ intencja 19.05.2021 18.00 w 30 dzie\u0144 po \u015bmierci [od \u017cony] 10.10.2022 6.30 od syna Grzegorza 14.10.2022 6.30 od Justyny TOKARZ z rodzin\u0105 15.10.2022 6.30 od c\u00f3rki Agnieszki 17.10.2022 18.00 od syna Sebastiana z rodzin\u0105 18.10.2022 6.30 od syna Daniela z \u017con\u0105 19.10.2022 18.00 od siostry Bogumi\u0142y z m\u0119\u017cem&#8230;<\/p>\n","protected":false},"author":3,"featured_media":188,"comment_status":"closed","ping_status":"","sticky":false,"template":"","format":"standard","meta":{"footnotes":""},"categories":[6],"tags":[],"class_list":["post-865","post","type-post","status-publish","format-standard","has-post-thumbnail","hentry","category-intencje_pogrzebowe"],"_links":{"self":[{"href":"https:\/\/bobolagorlice.pl\/index.php\/wp-json\/wp\/v2\/posts\/865","targetHints":{"allow":["GET"]}}],"collection":[{"href":"https:\/\/bobolagorlice.pl\/index.php\/wp-json\/wp\/v2\/posts"}],"about":[{"href":"https:\/\/bobolagorlice.pl\/index.php\/wp-json\/wp\/v2\/types\/post"}],"author":[{"embeddable":true,"href":"https:\/\/bobolagorlice.pl\/index.php\/wp-json\/wp\/v2\/users\/3"}],"replies":[{"embeddable":true,"href":"https:\/\/bobolagorlice.pl\/index.php\/wp-json\/wp\/v2\/comments?post=865"}],"version-history":[{"count":8,"href":"https:\/\/bobolagorlice.pl\/index.php\/wp-json\/wp\/v2\/posts\/865\/revisions"}],"predecessor-version":[{"id":2741,"href":"https:\/\/bobolagorlice.pl\/index.php\/wp-json\/wp\/v2\/posts\/865\/revisions\/2741"}],"wp:featuredmedia":[{"embeddable":true,"href":"https:\/\/bobolagorlice.pl\/index.php\/wp-json\/wp\/v2\/media\/188"}],"wp:attachment":[{"href":"https:\/\/bobolagorlice.pl\/index.php\/wp-json\/wp\/v2\/media?parent=865"}],"wp:term":[{"taxonomy":"category","embeddable":true,"href":"https:\/\/bobolagorlice.pl\/index.php\/wp-json\/wp\/v2\/categories?post=865"},{"taxonomy":"post_tag","embeddable":true,"href":"https:\/\/bobolagorlice.pl\/index.php\/wp-json\/wp\/v2\/tags?post=865"}],"curies":[{"name":"wp","href":"https:\/\/api.w.org\/{rel}","templated":true}]}}