{"id":875,"date":"2021-04-30T16:35:10","date_gmt":"2021-04-30T14:35:10","guid":{"rendered":"https:\/\/bobolagorlice.pl\/?p=875"},"modified":"2022-10-22T12:05:08","modified_gmt":"2022-10-22T10:05:08","slug":"halina-kaleta","status":"publish","type":"post","link":"https:\/\/bobolagorlice.pl\/index.php\/2021\/04\/30\/halina-kaleta\/","title":{"rendered":"\u2020HALINA KALETA"},"content":{"rendered":"\n<p>2021\/14 pogrzeb: 30.04.2021<\/p>\n\n\n\n<figure class=\"wp-block-table\"><table><tbody><tr><td class=\"has-text-align-center\" data-align=\"center\"><strong><em>data<\/em><\/strong><\/td><td class=\"has-text-align-center\" data-align=\"center\"><strong><em>godz.<\/em><\/strong><\/td><td><strong><em>ofiarodawcy \/ intencja<\/em><\/strong><\/td><\/tr><tr><td class=\"has-text-align-center\" data-align=\"center\">14.10.2022<\/td><td class=\"has-text-align-center\" data-align=\"center\">6.30<\/td><td>od c\u00f3rki Moniki z m\u0119\u017cem i dzie\u0107mi<\/td><\/tr><tr><td class=\"has-text-align-center\" data-align=\"center\">17.10.2022<\/td><td class=\"has-text-align-center\" data-align=\"center\">6.30<\/td><td>od rodziny SZCZERB\u00d3W<\/td><\/tr><tr><td class=\"has-text-align-center\" data-align=\"center\">18.10.2022<\/td><td class=\"has-text-align-center\" data-align=\"center\">6.30<\/td><td>z intencji kole\u017canki Haliny i Boles\u0142awa<\/td><\/tr><tr><td class=\"has-text-align-center\" data-align=\"center\">19.10.2022<\/td><td class=\"has-text-align-center\" data-align=\"center\">6.30<\/td><td>od rodziny ZAWILI\u0143SKICH<\/td><\/tr><tr><td class=\"has-text-align-center\" data-align=\"center\">20.10.2022<\/td><td class=\"has-text-align-center\" data-align=\"center\">6.30<\/td><td>od pracownik\u00f3w MBM w Tuchowie<\/td><\/tr><tr><td class=\"has-text-align-center\" data-align=\"center\">21.10.2022<\/td><td class=\"has-text-align-center\" data-align=\"center\">6.30<\/td><td>od pracownik\u00f3w serwisu MBM w Ci\u0119\u017ckowicach<\/td><\/tr><tr><td class=\"has-text-align-center\" data-align=\"center\">22.10.2022<\/td><td class=\"has-text-align-center\" data-align=\"center\">6.30<\/td><td>od pracownik\u00f3w serwisu MBM w Gorlicach<\/td><\/tr><tr><td class=\"has-text-align-center\" data-align=\"center\">24.10.2022<\/td><td class=\"has-text-align-center\" data-align=\"center\">6.30<\/td><td>od Bogumi\u0142y i Mariana MAZUR<\/td><\/tr><tr><td class=\"has-text-align-center\" data-align=\"center\">25.10.2022<\/td><td class=\"has-text-align-center\" data-align=\"center\">6.30<\/td><td>od uczestnik\u00f3w pogrzebu<\/td><\/tr><tr><td class=\"has-text-align-center\" data-align=\"center\">26.10.2022<\/td><td class=\"has-text-align-center\" data-align=\"center\">6.30<\/td><td>od uczestnik\u00f3w pogrzebu<\/td><\/tr><\/tbody><\/table><\/figure>\n","protected":false},"excerpt":{"rendered":"<p>2021\/14 pogrzeb: 30.04.2021 data godz. ofiarodawcy \/ intencja 14.10.2022 6.30 od c\u00f3rki Moniki z m\u0119\u017cem i dzie\u0107mi 17.10.2022 6.30 od rodziny SZCZERB\u00d3W 18.10.2022 6.30 z intencji kole\u017canki Haliny i Boles\u0142awa 19.10.2022 6.30 od rodziny ZAWILI\u0143SKICH 20.10.2022 6.30 od pracownik\u00f3w MBM w Tuchowie 21.10.2022 6.30 od pracownik\u00f3w serwisu MBM w Ci\u0119\u017ckowicach 22.10.2022 6.30 od pracownik\u00f3w serwisu&#8230;<\/p>\n","protected":false},"author":3,"featured_media":188,"comment_status":"closed","ping_status":"","sticky":false,"template":"","format":"standard","meta":{"footnotes":""},"categories":[6],"tags":[],"class_list":["post-875","post","type-post","status-publish","format-standard","has-post-thumbnail","hentry","category-intencje_pogrzebowe"],"_links":{"self":[{"href":"https:\/\/bobolagorlice.pl\/index.php\/wp-json\/wp\/v2\/posts\/875","targetHints":{"allow":["GET"]}}],"collection":[{"href":"https:\/\/bobolagorlice.pl\/index.php\/wp-json\/wp\/v2\/posts"}],"about":[{"href":"https:\/\/bobolagorlice.pl\/index.php\/wp-json\/wp\/v2\/types\/post"}],"author":[{"embeddable":true,"href":"https:\/\/bobolagorlice.pl\/index.php\/wp-json\/wp\/v2\/users\/3"}],"replies":[{"embeddable":true,"href":"https:\/\/bobolagorlice.pl\/index.php\/wp-json\/wp\/v2\/comments?post=875"}],"version-history":[{"count":5,"href":"https:\/\/bobolagorlice.pl\/index.php\/wp-json\/wp\/v2\/posts\/875\/revisions"}],"predecessor-version":[{"id":2743,"href":"https:\/\/bobolagorlice.pl\/index.php\/wp-json\/wp\/v2\/posts\/875\/revisions\/2743"}],"wp:featuredmedia":[{"embeddable":true,"href":"https:\/\/bobolagorlice.pl\/index.php\/wp-json\/wp\/v2\/media\/188"}],"wp:attachment":[{"href":"https:\/\/bobolagorlice.pl\/index.php\/wp-json\/wp\/v2\/media?parent=875"}],"wp:term":[{"taxonomy":"category","embeddable":true,"href":"https:\/\/bobolagorlice.pl\/index.php\/wp-json\/wp\/v2\/categories?post=875"},{"taxonomy":"post_tag","embeddable":true,"href":"https:\/\/bobolagorlice.pl\/index.php\/wp-json\/wp\/v2\/tags?post=875"}],"curies":[{"name":"wp","href":"https:\/\/api.w.org\/{rel}","templated":true}]}}