{"id":936,"date":"2021-05-08T11:55:53","date_gmt":"2021-05-08T09:55:53","guid":{"rendered":"https:\/\/bobolagorlice.pl\/?p=936"},"modified":"2022-11-11T16:55:22","modified_gmt":"2022-11-11T15:55:22","slug":"janina-kordzikowska","status":"publish","type":"post","link":"https:\/\/bobolagorlice.pl\/index.php\/2021\/05\/08\/janina-kordzikowska\/","title":{"rendered":"\u2020JANINA KORDZIKOWSKA"},"content":{"rendered":"\n<p>2021\/16 pogrzeb: 08.05.2021<\/p>\n\n\n\n<figure class=\"wp-block-table\"><table><tbody><tr><td class=\"has-text-align-center\" data-align=\"center\"><strong><em>data<\/em><\/strong><\/td><td class=\"has-text-align-center\" data-align=\"center\"><strong><em>godz.<\/em><\/strong><\/td><td><strong><em>ofiarodawcy \/ intencja<\/em><\/strong><\/td><\/tr><tr><td class=\"has-text-align-center\" data-align=\"center\">29.10.2022<\/td><td class=\"has-text-align-center\" data-align=\"center\">6.30<\/td><td>od kolegi z pracy Mieczys\u0142awa BAJORKA z \u017con\u0105 Barbar\u0105<\/td><\/tr><tr><td class=\"has-text-align-center\" data-align=\"center\">31.10.2022<\/td><td class=\"has-text-align-center\" data-align=\"center\">6.30<\/td><td>od s\u0105siad\u00f3w z klatki<\/td><\/tr><tr><td class=\"has-text-align-center\" data-align=\"center\">10.11.2022<\/td><td class=\"has-text-align-center\" data-align=\"center\">6.30<\/td><td>od siostry Marii PIECUCH z rodzin\u0105<\/td><\/tr><tr><td class=\"has-text-align-center\" data-align=\"center\">12.11.2022<\/td><td class=\"has-text-align-center\" data-align=\"center\">6.30<\/td><td>od Zofii WELCZYK z Dominikowic<\/td><\/tr><tr><td class=\"has-text-align-center\" data-align=\"center\">14.11.2022<\/td><td class=\"has-text-align-center\" data-align=\"center\">6.30<\/td><td>od brata Adama z rodzin\u0105<\/td><\/tr><tr><td class=\"has-text-align-center\" data-align=\"center\">15.11.2022<\/td><td class=\"has-text-align-center\" data-align=\"center\">6.30<\/td><td>od uczestnik\u00f3w pogrzebu<\/td><\/tr><tr><td class=\"has-text-align-center\" data-align=\"center\">19.11.2022<\/td><td class=\"has-text-align-center\" data-align=\"center\">6.30<\/td><td>od uczestnik\u00f3w pogrzebu<\/td><\/tr><\/tbody><\/table><\/figure>\n","protected":false},"excerpt":{"rendered":"<p>2021\/16 pogrzeb: 08.05.2021 data godz. ofiarodawcy \/ intencja 29.10.2022 6.30 od kolegi z pracy Mieczys\u0142awa BAJORKA z \u017con\u0105 Barbar\u0105 31.10.2022 6.30 od s\u0105siad\u00f3w z klatki 10.11.2022 6.30 od siostry Marii PIECUCH z rodzin\u0105 12.11.2022 6.30 od Zofii WELCZYK z Dominikowic 14.11.2022 6.30 od brata Adama z rodzin\u0105 15.11.2022 6.30 od uczestnik\u00f3w pogrzebu 19.11.2022 6.30 od&#8230;<\/p>\n","protected":false},"author":3,"featured_media":188,"comment_status":"closed","ping_status":"","sticky":false,"template":"","format":"standard","meta":{"footnotes":""},"categories":[6],"tags":[],"class_list":["post-936","post","type-post","status-publish","format-standard","has-post-thumbnail","hentry","category-intencje_pogrzebowe"],"_links":{"self":[{"href":"https:\/\/bobolagorlice.pl\/index.php\/wp-json\/wp\/v2\/posts\/936","targetHints":{"allow":["GET"]}}],"collection":[{"href":"https:\/\/bobolagorlice.pl\/index.php\/wp-json\/wp\/v2\/posts"}],"about":[{"href":"https:\/\/bobolagorlice.pl\/index.php\/wp-json\/wp\/v2\/types\/post"}],"author":[{"embeddable":true,"href":"https:\/\/bobolagorlice.pl\/index.php\/wp-json\/wp\/v2\/users\/3"}],"replies":[{"embeddable":true,"href":"https:\/\/bobolagorlice.pl\/index.php\/wp-json\/wp\/v2\/comments?post=936"}],"version-history":[{"count":5,"href":"https:\/\/bobolagorlice.pl\/index.php\/wp-json\/wp\/v2\/posts\/936\/revisions"}],"predecessor-version":[{"id":2814,"href":"https:\/\/bobolagorlice.pl\/index.php\/wp-json\/wp\/v2\/posts\/936\/revisions\/2814"}],"wp:featuredmedia":[{"embeddable":true,"href":"https:\/\/bobolagorlice.pl\/index.php\/wp-json\/wp\/v2\/media\/188"}],"wp:attachment":[{"href":"https:\/\/bobolagorlice.pl\/index.php\/wp-json\/wp\/v2\/media?parent=936"}],"wp:term":[{"taxonomy":"category","embeddable":true,"href":"https:\/\/bobolagorlice.pl\/index.php\/wp-json\/wp\/v2\/categories?post=936"},{"taxonomy":"post_tag","embeddable":true,"href":"https:\/\/bobolagorlice.pl\/index.php\/wp-json\/wp\/v2\/tags?post=936"}],"curies":[{"name":"wp","href":"https:\/\/api.w.org\/{rel}","templated":true}]}}