{"id":958,"date":"2021-05-15T15:26:12","date_gmt":"2021-05-15T13:26:12","guid":{"rendered":"https:\/\/bobolagorlice.pl\/?p=958"},"modified":"2022-12-28T20:15:58","modified_gmt":"2022-12-28T19:15:58","slug":"danuta-dybas","status":"publish","type":"post","link":"https:\/\/bobolagorlice.pl\/index.php\/2021\/05\/15\/danuta-dybas\/","title":{"rendered":"\u2020DANUTA DYBA\u015a"},"content":{"rendered":"\n<p>2021\/18 pogrzeb: 15.05.2021<\/p>\n\n\n\n<figure class=\"wp-block-table\"><table><tbody><tr><td class=\"has-text-align-center\" data-align=\"center\"><strong><em>data<\/em><\/strong><\/td><td class=\"has-text-align-center\" data-align=\"center\"><strong><em>godz.<\/em><\/strong><\/td><td><strong><em>ofiarodawcy \/ intencja<\/em><\/strong><\/td><\/tr><tr><td class=\"has-text-align-center\" data-align=\"center\"><strong>20.05.2021<\/strong><\/td><td class=\"has-text-align-center\" data-align=\"center\"><strong>6.30<\/strong><\/td><td>w <strong>7<\/strong> dzie\u0144 po \u015bmierci [<strong>od m\u0119\u017ca z rodzin\u0105<\/strong>]<\/td><\/tr><tr><td class=\"has-text-align-center\" data-align=\"center\"><strong>12.06.2021<\/strong><\/td><td class=\"has-text-align-center\" data-align=\"center\"><strong>18.00<\/strong><\/td><td>w <strong>30<\/strong> dzie\u0144 po \u015bmierci [<strong>od m\u0119\u017ca z rodzin\u0105<\/strong>]<\/td><\/tr><tr><td class=\"has-text-align-center\" data-align=\"center\">24.12.2022<\/td><td class=\"has-text-align-center\" data-align=\"center\"><strong>24.00<\/strong> Pasterka<\/td><td>od c\u00f3rki Renaty z rodzin\u0105<\/td><\/tr><tr><td class=\"has-text-align-center\" data-align=\"center\">20.12.2022<\/td><td class=\"has-text-align-center\" data-align=\"center\"><strong>18.00<\/strong><\/td><td>od c\u00f3rki Joanny z rodzin\u0105<\/td><\/tr><tr><td class=\"has-text-align-center\" data-align=\"center\">21.12.2022<\/td><td class=\"has-text-align-center\" data-align=\"center\"><strong>18.00<\/strong><\/td><td>od c\u00f3rki Agnieszki z rodzin\u0105<\/td><\/tr><tr><td class=\"has-text-align-center\" data-align=\"center\">22.12.2022<\/td><td class=\"has-text-align-center\" data-align=\"center\"><strong>18.00<\/strong><\/td><td>od s\u0105siad\u00f3w<\/td><\/tr><tr><td class=\"has-text-align-center\" data-align=\"center\">24.12.2022<\/td><td class=\"has-text-align-center\" data-align=\"center\"><strong>6.30<\/strong><\/td><td>od R\u00f3\u017cy Matki Bo\u017cej Fatimskiej<\/td><\/tr><tr><td class=\"has-text-align-center\" data-align=\"center\">02.01.2022<\/td><td class=\"has-text-align-center\" data-align=\"center\"><strong>18.00<\/strong><\/td><td>od Parafialnego Zespo\u0142u Caritas<\/td><\/tr><tr><td class=\"has-text-align-center\" data-align=\"center\">31.12.2022<\/td><td class=\"has-text-align-center\" data-align=\"center\"><strong>6.30<\/strong><\/td><td>od kole\u017canek i koleg\u00f3w Plac\u00f3wki Terenowej KRUS w Gorlicach<\/td><\/tr><tr><td class=\"has-text-align-center\" data-align=\"center\">30.12.2022<\/td><td class=\"has-text-align-center\" data-align=\"center\"><strong>6.30<\/strong><\/td><td>od pracownik\u00f3w Plac\u00f3wki Terenowej KRUS w Nowym S\u0105czu<\/td><\/tr><tr><td class=\"has-text-align-center\" data-align=\"center\">28.12.2022<\/td><td class=\"has-text-align-center\" data-align=\"center\"><strong>6.30<\/strong><\/td><td>od pracownik\u00f3w Plac\u00f3wki Terenowej KRUS w Limanowej<\/td><\/tr><tr><td class=\"has-text-align-center\" data-align=\"center\">27.12.2022<\/td><td class=\"has-text-align-center\" data-align=\"center\">18.00<\/td><td>od pracownik\u00f3w Plac\u00f3wki Terenowej KRUS w Nowym Targu<\/td><\/tr><tr><td class=\"has-text-align-center\" data-align=\"center\"><strong>wakacje<\/strong><br><strong> 2022<\/strong><\/td><td class=\"has-text-align-center\" data-align=\"center\">ks. Piotr Sala<strong>&nbsp;<\/strong><\/td><td>od Sebastiana KWA\u015aNIAK&nbsp; z rodzin\u0105<\/td><\/tr><tr><td class=\"has-text-align-center\" data-align=\"center\"><strong>wakacje<\/strong><br><strong> 2022<\/strong> <\/td><td class=\"has-text-align-center\" data-align=\"center\"><strong>&nbsp;<\/strong>ks. Piotr Sala<strong>&nbsp;<\/strong><\/td><td>od Joanny i Daniela KWA\u015aNIAK<\/td><\/tr><tr><td class=\"has-text-align-center\" data-align=\"center\"> <strong>wakacje 2022<\/strong><\/td><td class=\"has-text-align-center\" data-align=\"center\"><strong>&nbsp;<\/strong>ks. Piotr Sala<strong>&nbsp;<\/strong><\/td><td>od Zofii i Tadeusza NOWAK<\/td><\/tr><tr><td class=\"has-text-align-center\" data-align=\"center\"> <strong>wakacje 2022<\/strong><\/td><td class=\"has-text-align-center\" data-align=\"center\"><strong>&nbsp;<\/strong>ks. Piotr Sala<strong>&nbsp;<\/strong><\/td><td>od Kazimierza KNAPIK<\/td><\/tr><tr><td class=\"has-text-align-center\" data-align=\"center\"> <strong>wakacje 2022<\/strong><\/td><td class=\"has-text-align-center\" data-align=\"center\"><strong>&nbsp;<\/strong>ks. Piotr Sala<strong>&nbsp;<\/strong><\/td><td>od szwagierki Janiny<\/td><\/tr><tr><td class=\"has-text-align-center\" data-align=\"center\"><strong>wakacje<\/strong><br><strong> 2022<\/strong><\/td><td class=\"has-text-align-center\" data-align=\"center\"><strong>&nbsp;<\/strong>ks. Piotr Sala<strong>&nbsp;<\/strong><\/td><td>od rodziny GOM\u00d3\u0141K\u00d3W z Jas\u0142a<\/td><\/tr><tr><td class=\"has-text-align-center\" data-align=\"center\"> <strong>wakacje 2022<\/strong><\/td><td class=\"has-text-align-center\" data-align=\"center\"><strong>&nbsp;<\/strong>ks. Piotr Sala<strong>&nbsp;<\/strong><\/td><td>od rodziny KONOPK\u00d3W<\/td><\/tr><tr><td class=\"has-text-align-center\" data-align=\"center\"><strong>wakacje<\/strong><br><strong> 2022<\/strong> <\/td><td class=\"has-text-align-center\" data-align=\"center\"><strong>&nbsp;<\/strong>ks. Piotr Sala<strong>&nbsp;<\/strong><\/td><td>od kierownictwa Plac\u00f3wki Terenowej KRUS w Gorlicach<\/td><\/tr><tr><td class=\"has-text-align-center\" data-align=\"center\"> <strong>wakacje 2022<\/strong><\/td><td class=\"has-text-align-center\" data-align=\"center\"><strong>&nbsp;<\/strong>ks. Piotr Sala<strong>&nbsp;<\/strong><\/td><td>od kole\u017canki z pracy<\/td><\/tr><tr><td class=\"has-text-align-center\" data-align=\"center\"><strong> wakacje 2022<\/strong><\/td><td class=\"has-text-align-center\" data-align=\"center\"><strong>&nbsp;<\/strong>ks. Piotr Sala<strong>&nbsp;<\/strong><\/td><td>od kierownictwa Plac\u00f3wki Terenowej KRUS w Nowym S\u0105czu<\/td><\/tr><tr><td class=\"has-text-align-center\" data-align=\"center\"><strong>wakacje<\/strong><br><strong> 2022 <\/strong><\/td><td class=\"has-text-align-center\" data-align=\"center\"><strong>&nbsp;<\/strong>ks. Piotr Sala<strong>&nbsp;<\/strong><\/td><td>od Julii MAKOWIEC<\/td><\/tr><tr><td class=\"has-text-align-center\" data-align=\"center\"> <strong>wakacje 2022<\/strong><\/td><td class=\"has-text-align-center\" data-align=\"center\"><strong>&nbsp;<\/strong>ks. Piotr Sala<strong>&nbsp;<\/strong><\/td><td>od swatowej Stanis\u0142awy KWA\u015aNIAK<\/td><\/tr><tr><td class=\"has-text-align-center\" data-align=\"center\"><strong> wakacje 2022<\/strong><\/td><td class=\"has-text-align-center\" data-align=\"center\">ks. Piotr Sala<strong>&nbsp;<\/strong><\/td><td>od rodziny WOLSKICH<\/td><\/tr><tr><td class=\"has-text-align-center\" data-align=\"center\"> <strong>wakacje 2022<\/strong><\/td><td class=\"has-text-align-center\" data-align=\"center\">ks. Piotr Sala<strong>&nbsp;<\/strong>&nbsp;<\/td><td>od uczestnik\u00f3w pogrzebu<\/td><\/tr><tr><td class=\"has-text-align-center\" data-align=\"center\"><strong>wakacj<\/strong><br><strong>e 2022<\/strong> <\/td><td class=\"has-text-align-center\" data-align=\"center\">&nbsp;ks. Piotr Sala<strong>&nbsp;<\/strong><\/td><td>od uczestnik\u00f3w pogrzebu<\/td><\/tr><tr><td class=\"has-text-align-center\" data-align=\"center\"><strong>poza parafi\u0105<\/strong><\/td><td class=\"has-text-align-center\" data-align=\"center\">ks. Andrzej (Rzesz\u00f3w)&nbsp;<\/td><td>od uczestnik\u00f3w pogrzebu<\/td><\/tr><tr><td class=\"has-text-align-center\" data-align=\"center\"><strong>poza parafi\u0105<\/strong><\/td><td class=\"has-text-align-center\" data-align=\"center\">&nbsp;ks. Andrzej (Rzesz\u00f3w)&nbsp;<\/td><td>od uczestnik\u00f3w pogrzebu<\/td><\/tr><tr><td class=\"has-text-align-center\" data-align=\"center\"><strong>poza parafi\u0105<\/strong><\/td><td class=\"has-text-align-center\" data-align=\"center\">&nbsp;ks. Andrzej (Rzesz\u00f3w)&nbsp;<\/td><td>od uczestnik\u00f3w pogrzebu<\/td><\/tr><tr><td class=\"has-text-align-center\" data-align=\"center\"><strong>poza parafi\u0105<\/strong><\/td><td class=\"has-text-align-center\" data-align=\"center\">&nbsp;ks. Andrzej (Rzesz\u00f3w)&nbsp;<\/td><td>od uczestnik\u00f3w pogrzebu<\/td><\/tr><\/tbody><\/table><\/figure>\n","protected":false},"excerpt":{"rendered":"<p>2021\/18 pogrzeb: 15.05.2021 data godz. ofiarodawcy \/ intencja 20.05.2021 6.30 w 7 dzie\u0144 po \u015bmierci [od m\u0119\u017ca z rodzin\u0105] 12.06.2021 18.00 w 30 dzie\u0144 po \u015bmierci [od m\u0119\u017ca z rodzin\u0105] 24.12.2022 24.00 Pasterka od c\u00f3rki Renaty z rodzin\u0105 20.12.2022 18.00 od c\u00f3rki Joanny z rodzin\u0105 21.12.2022 18.00 od c\u00f3rki Agnieszki z rodzin\u0105 22.12.2022 18.00 od&#8230;<\/p>\n","protected":false},"author":3,"featured_media":188,"comment_status":"closed","ping_status":"","sticky":false,"template":"","format":"standard","meta":{"footnotes":""},"categories":[6],"tags":[],"class_list":["post-958","post","type-post","status-publish","format-standard","has-post-thumbnail","hentry","category-intencje_pogrzebowe"],"_links":{"self":[{"href":"https:\/\/bobolagorlice.pl\/index.php\/wp-json\/wp\/v2\/posts\/958","targetHints":{"allow":["GET"]}}],"collection":[{"href":"https:\/\/bobolagorlice.pl\/index.php\/wp-json\/wp\/v2\/posts"}],"about":[{"href":"https:\/\/bobolagorlice.pl\/index.php\/wp-json\/wp\/v2\/types\/post"}],"author":[{"embeddable":true,"href":"https:\/\/bobolagorlice.pl\/index.php\/wp-json\/wp\/v2\/users\/3"}],"replies":[{"embeddable":true,"href":"https:\/\/bobolagorlice.pl\/index.php\/wp-json\/wp\/v2\/comments?post=958"}],"version-history":[{"count":6,"href":"https:\/\/bobolagorlice.pl\/index.php\/wp-json\/wp\/v2\/posts\/958\/revisions"}],"predecessor-version":[{"id":3020,"href":"https:\/\/bobolagorlice.pl\/index.php\/wp-json\/wp\/v2\/posts\/958\/revisions\/3020"}],"wp:featuredmedia":[{"embeddable":true,"href":"https:\/\/bobolagorlice.pl\/index.php\/wp-json\/wp\/v2\/media\/188"}],"wp:attachment":[{"href":"https:\/\/bobolagorlice.pl\/index.php\/wp-json\/wp\/v2\/media?parent=958"}],"wp:term":[{"taxonomy":"category","embeddable":true,"href":"https:\/\/bobolagorlice.pl\/index.php\/wp-json\/wp\/v2\/categories?post=958"},{"taxonomy":"post_tag","embeddable":true,"href":"https:\/\/bobolagorlice.pl\/index.php\/wp-json\/wp\/v2\/tags?post=958"}],"curies":[{"name":"wp","href":"https:\/\/api.w.org\/{rel}","templated":true}]}}